{"id":6449,"date":"2023-10-01T07:30:00","date_gmt":"2023-10-01T10:30:00","guid":{"rendered":"https:\/\/totalpass.com\/?p=6449"},"modified":"2025-05-15T18:19:41","modified_gmt":"2025-05-15T21:19:41","slug":"dia-nacional-do-idoso","status":"publish","type":"post","link":"https:\/\/totalpass.com\/br\/blog\/recursos-humanos\/dia-nacional-do-idoso\/","title":{"rendered":"Dia Nacional do Idoso: combatendo o preconceito na empresa"},"content":{"rendered":"\n<p>Celebrado no dia 1\u00ba de outubro, o <strong>Dia Nacional do Idoso<\/strong> \u00e9 uma data que visa parabenizar as pessoas que comp\u00f5em a melhor idade, ou seja, a partir dos 60 anos, e, acima de tudo, conscientizar a popula\u00e7\u00e3o sobre as principais necessidades atreladas ao p\u00fablico, como, por exemplo, o preconceito que muitos sofrem na hora de buscar uma recoloca\u00e7\u00e3o no <strong><a href=\"https:\/\/totalpass.com\/br\/blog\/sala-de-imprensa\/mulheres-no-mercado-de-trabalho\/\" target=\"_blank\" rel=\"noreferrer noopener\">mercado de trabalho<\/a><\/strong>.<\/p>\n\n\n\n<div class=\"wp-block-image\"><figure class=\"aligncenter size-large\"><img decoding=\"async\" width=\"614\" height=\"412\" data-src=\"https:\/\/totalpass.com\/br\/blog\/wp-content\/uploads\/2023\/09\/Dia-Nacional-do-Idoso.jpg\" alt=\"Dia Nacional do Idoso\" class=\"wp-image-6451 lazyload\" data-srcset=\"https:\/\/totalpass.com\/wp-content\/uploads\/2023\/09\/Dia-Nacional-do-Idoso.jpg 614w, https:\/\/totalpass.com\/wp-content\/uploads\/2023\/09\/Dia-Nacional-do-Idoso-300x201.jpg 300w\" data-sizes=\"(max-width: 614px) 100vw, 614px\" src=\"data:image\/svg+xml;base64,PHN2ZyB3aWR0aD0iMSIgaGVpZ2h0PSIxIiB4bWxucz0iaHR0cDovL3d3dy53My5vcmcvMjAwMC9zdmciPjwvc3ZnPg==\" style=\"--smush-placeholder-width: 614px; --smush-placeholder-aspect-ratio: 614\/412;\" \/><figcaption>A sua empresa conta com pessoas acima dos 60 anos? Saiba mais!\n<\/figcaption><\/figure><\/div>\n\n\n\n<p>A seguir, n\u00f3s responderemos as seguintes d\u00favidas sobre o assunto ao longo deste artigo para tornar o seu ambiente de trabalho cada vez mais inclusivo:<\/p>\n\n\n\n<ul class=\"wp-block-list\" id=\"O-que-e-o-Dia-Nacional-do-Idoso\"><li><strong><a href=\"#O-que-e-o-Dia-Nacional-do-Idoso\">O que \u00e9 o Dia Nacional do Idoso?<\/a><\/strong><\/li><li><strong><a href=\"#Por-que-as-empresas-tem-preconceito-em-contratar-pessoas-mais-velhas\">Por que as empresas t\u00eam preconceito em contratar pessoas mais velhas?<\/a><\/strong><\/li><li><strong><a href=\"#Quais-sao-os-beneficios-de-contratar-colaboradores-mais-velhos\">Quais s\u00e3o os benef\u00edcios de contratar colaboradores mais velhos?<\/a><\/strong><\/li><\/ul>\n\n\n\n<p>Continue a leitura para n\u00e3o perder nada!<\/p>\n\n\n\n<h2 class=\"wp-block-heading\" id=\"O-que-e-o-Dia-Nacional-do-Idoso\">O que \u00e9 o Dia Nacional do Idoso?<\/h2>\n\n\n\n<div class=\"wp-block-image\"><figure class=\"aligncenter size-large\"><img decoding=\"async\" width=\"614\" height=\"412\" data-src=\"https:\/\/totalpass.com\/br\/blog\/wp-content\/uploads\/2023\/09\/Dia-Nacional-do-Idoso-homem-mais-velho.jpg\" alt=\"Homem mais velho trabalhando \" class=\"wp-image-6454 lazyload\" data-srcset=\"https:\/\/totalpass.com\/wp-content\/uploads\/2023\/09\/Dia-Nacional-do-Idoso-homem-mais-velho.jpg 614w, https:\/\/totalpass.com\/wp-content\/uploads\/2023\/09\/Dia-Nacional-do-Idoso-homem-mais-velho-300x201.jpg 300w\" data-sizes=\"(max-width: 614px) 100vw, 614px\" src=\"data:image\/svg+xml;base64,PHN2ZyB3aWR0aD0iMSIgaGVpZ2h0PSIxIiB4bWxucz0iaHR0cDovL3d3dy53My5vcmcvMjAwMC9zdmciPjwvc3ZnPg==\" style=\"--smush-placeholder-width: 614px; --smush-placeholder-aspect-ratio: 614\/412;\" \/><figcaption>Conhe\u00e7a mais sobre o Dia Nacional do Idoso<\/figcaption><\/figure><\/div>\n\n\n\n<p>Visando conscientizar a popula\u00e7\u00e3o sobre a import\u00e2ncia das pessoas que fazem parte da <strong><a href=\"https:\/\/totalpass.com\/br\/blog\/para-academias\/academia-para-terceira-idade-por-que-investir\/\" target=\"_blank\" rel=\"noreferrer noopener\">terceira idade<\/a><\/strong>, uma vez que, segundo a Pesquisa Nacional por Amostra de Domic\u00edlios Cont\u00ednua (PNADC), os brasileiros est\u00e3o envelhecendo cada vez mais, aumentando o n\u00famero de pessoas idosas no pa\u00eds.&nbsp;<\/p>\n\n\n\n<p>Conforme a Biblioteca Virtual em Sa\u00fade do Minist\u00e9rio da Sa\u00fade, os idosos representam 14,3% da popula\u00e7\u00e3o brasileira, ou seja, pouco mais de 29 milh\u00f5es de pessoas. At\u00e9 2030, estima-se que os n\u00fameros de pessoas que comp\u00f5em a terceira idade supere a quantidade de <strong><a href=\"https:\/\/totalpass.com\/br\/blog\/atividade-fisica\/as-criancas-podem-praticar-atividades-fisicas\/\" target=\"_blank\" rel=\"noreferrer noopener\">crian\u00e7as<\/a><\/strong> e <strong><a href=\"https:\/\/totalpass.com\/br\/blog\/atividade-fisica\/musculacao-atrapalha-o-crescimento-adolescentes\/\" target=\"_blank\" rel=\"noreferrer noopener\">adolescentes<\/a><\/strong> no pa\u00eds.&nbsp;<\/p>\n\n\n\n<p>A partir destes dados, \u00e9 importante redobrar a aten\u00e7\u00e3o e os cuidados no que diz respeito \u00e0 sa\u00fade e qualidade de vida da melhor idade. Mas, afinal, quando surgiu a data?&nbsp;<\/p>\n\n\n\n<p>No dia 1\u00ba de outubro de 2003, foi aprovada a <strong><a href=\"https:\/\/www.planalto.gov.br\/ccivil_03\/leis\/2003\/l10.741.htm\" target=\"_blank\" rel=\"noreferrer noopener\">Lei n\u00ba 10.741<\/a><\/strong>, firmando o Estatuto do Idoso, cujo objetivo \u00e9 de regularizar todos os direitos \u00e0s pessoas que fazem parte dos 60 anos ou mais, como, por exemplo, atendimento preferencial, prote\u00e7\u00e3o \u00e0 pessoa idosa, presta\u00e7\u00e3o de servi\u00e7o, garantia de acesso aos servi\u00e7os de <strong><a href=\"https:\/\/totalpass.com\/br\/blog\/recursos-humanos\/dia-da-saude-3-acoes-para-aplicar-na-sua-empresa\/\" target=\"_blank\" rel=\"noreferrer noopener\">sa\u00fade<\/a><\/strong> e muito mais!<\/p>\n\n\n\n<p>Ou seja, est\u00e1 relacionada a garantia dos direitos voltados a sa\u00fade, discrimina\u00e7\u00e3o e viol\u00eancia contra esse p\u00fablico de idade igual ou superior a 60 anos.&nbsp;<\/p>\n\n\n\n<p><strong>Curiosidade:<\/strong> voc\u00ea sabia que o Estatuto do Idoso foi aprovado ap\u00f3s uma novela? Mulheres Apaixonadas, da rede Globo, foi exibida em 2003 e levantou a pauta de maus-tratos aos idosos, em que a personagem D\u00f3ris, interpretada por Regiane Alves, maltratava os seus av\u00f3s. Ap\u00f3s um tempo de exibi\u00e7\u00e3o da telenovela, a lei foi aprovada.<\/p>\n\n\n\n<h2 class=\"wp-block-heading\" id=\"Por-que-as-empresas-tem-preconceito-em-contratar-pessoas-mais-velhas\">Por que as empresas t\u00eam preconceito em contratar pessoas mais velhas?<\/h2>\n\n\n\n<div class=\"wp-block-image\"><figure class=\"aligncenter size-large\"><img decoding=\"async\" width=\"614\" height=\"412\" data-src=\"https:\/\/totalpass.com\/br\/blog\/wp-content\/uploads\/2023\/09\/Dia-Nacional-do-Idoso-mulher-trabalhando.jpg\" alt=\"mulher trabalhando com computador \" class=\"wp-image-6453 lazyload\" data-srcset=\"https:\/\/totalpass.com\/wp-content\/uploads\/2023\/09\/Dia-Nacional-do-Idoso-mulher-trabalhando.jpg 614w, https:\/\/totalpass.com\/wp-content\/uploads\/2023\/09\/Dia-Nacional-do-Idoso-mulher-trabalhando-300x201.jpg 300w\" data-sizes=\"(max-width: 614px) 100vw, 614px\" src=\"data:image\/svg+xml;base64,PHN2ZyB3aWR0aD0iMSIgaGVpZ2h0PSIxIiB4bWxucz0iaHR0cDovL3d3dy53My5vcmcvMjAwMC9zdmciPjwvc3ZnPg==\" style=\"--smush-placeholder-width: 614px; --smush-placeholder-aspect-ratio: 614\/412;\" \/><figcaption>Muitos gestores n\u00e3o contratam pessoas mais velhas devido \u00e0 falta de conhecimento tecnol\u00f3gico. Conhe\u00e7a outros motivos!<\/figcaption><\/figure><\/div>\n\n\n\n<p>Visto que o <strong><a href=\"https:\/\/totalpass.com\/br\/blog\/bem-estar\/envelhecimento-saudavel-3-dicas\/\" target=\"_blank\" rel=\"noreferrer noopener\">envelhecimento<\/a><\/strong> \u00e9 uma realidade das pessoas daqui a alguns anos, \u00e9 poss\u00edvel perceber que muitos idosos est\u00e3o cada vez mais em busca de novas oportunidades de emprego, tornando-se uma tend\u00eancia do mercado de trabalho atual.&nbsp;&nbsp;<\/p>\n\n\n\n<p>Por outro lado, embora seja interessante ter na equipe profissionais mais velhos, uma vez que s\u00e3o pessoas com bagagem e experi\u00eancia profissional, ainda existe bastante preconceito por parte das empresas contratantes.&nbsp;<\/p>\n\n\n\n<p>Segundo uma pesquisa realizada pela empresa Ernst &amp; Young em parceria com a ag\u00eancia Maturi de 2022, divulgada pela <a href=\"https:\/\/agenciabrasil.ebc.com.br\/economia\/noticia\/2023-06\/etarismo-dificulta-insercao-de-maiores-de-50-anos-no-mercado\"><strong>Ag\u00eancia Brasil<\/strong><\/a>, as empresas possuem apenas de 6% a 10% de pessoas acima de 50 anos em suas equipes no quadro de funcion\u00e1rios. Al\u00e9m disso, o estudo mostrou que 78% das empresas entrevistadas possuem discrimina\u00e7\u00e3o et\u00e1ria, colocando barreira na hora de contratar profissionais da melhor idade.&nbsp;<\/p>\n\n\n\n<p>Geralmente, os profissionais da terceira idade escutam a seguinte frase quando est\u00e3o em busca de recoloca\u00e7\u00e3o no mercado de trabalho: \u201cnossa, voc\u00ea possui bastante experi\u00eancia e um \u00f3timo curr\u00edculo, mas, no momento, estamos dando prioridade \u00e0s pessoas mais jovens\u201d. Caso contr\u00e1rio, recebem apenas um elogio e o processo seletivo acaba caindo no esquecimento.&nbsp;<\/p>\n\n\n\n<p>Geralmente, gestores e profissionais de RH julgam as pessoas idosas pela falta de conhecimento tecnol\u00f3gico, devido ao pr\u00e9-julgamento em rela\u00e7\u00e3o \u00e0 sa\u00fade, medo de perder o posto por uma pessoa mais madura ou at\u00e9 mesmo por consider\u00e1-las velhas demais para ocupar determinado cargo\/fun\u00e7\u00e3o.&nbsp;<\/p>\n\n\n\n<p>Por outro lado, as pessoas da melhor idade j\u00e1 est\u00e3o ganhando espa\u00e7o no mercado de trabalho. Conforme uma proje\u00e7\u00e3o feita pela Funda\u00e7\u00e3o Get\u00falio Vargas, 57% dos brasileiros ter\u00e3o mais de 45 anos em 2040. No que diz respeito \u00e0quelas que t\u00eam mais de 50 anos, o estudo apontou que 57% das organiza\u00e7\u00f5es desejam contratar esses profissionais.&nbsp;<\/p>\n\n\n\n<p>Atualmente, o Brasil possui sete milh\u00f5es de pessoas acima dos 60 anos inseridas no mercado de trabalho, ser\u00e1 que este cen\u00e1rio j\u00e1 \u00e9 uma realidade na sua empresa?<\/p>\n\n\n\n<h2 class=\"wp-block-heading\" id=\"Quais-sao-os-beneficios-de-contratar-colaboradores-mais-velhos\">Quais s\u00e3o os benef\u00edcios de contratar colaboradores mais velhos?<\/h2>\n\n\n\n<div class=\"wp-block-image\"><figure class=\"aligncenter size-large\"><img decoding=\"async\" width=\"614\" height=\"412\" data-src=\"https:\/\/totalpass.com\/br\/blog\/wp-content\/uploads\/2023\/09\/Dia-Nacional-do-Idoso-beneficios.jpg\" alt=\"pessoas mais velhas sendo contratadas\" class=\"wp-image-6455 lazyload\" data-srcset=\"https:\/\/totalpass.com\/wp-content\/uploads\/2023\/09\/Dia-Nacional-do-Idoso-beneficios.jpg 614w, https:\/\/totalpass.com\/wp-content\/uploads\/2023\/09\/Dia-Nacional-do-Idoso-beneficios-300x201.jpg 300w\" data-sizes=\"(max-width: 614px) 100vw, 614px\" src=\"data:image\/svg+xml;base64,PHN2ZyB3aWR0aD0iMSIgaGVpZ2h0PSIxIiB4bWxucz0iaHR0cDovL3d3dy53My5vcmcvMjAwMC9zdmciPjwvc3ZnPg==\" style=\"--smush-placeholder-width: 614px; --smush-placeholder-aspect-ratio: 614\/412;\" \/><figcaption>Quer ter novas experi\u00eancias na sua empresa? A terceira idade \u00e9 uma boa aposta!<\/figcaption><\/figure><\/div>\n\n\n\n<p>Se a sua empresa ainda n\u00e3o tem colaboradores da terceira idade, n\u00f3s temos uma coisa para te contar: n\u00e3o deixe para depois, v\u00e1 em busca destes profissionais. Isso porque s\u00e3o pessoas com bastante bagagem de mercado, sendo uma \u00f3tima estrat\u00e9gia para quem deseja ter um novo olhar diferenciado para os processos internos.&nbsp;&nbsp;<\/p>\n\n\n\n<p>Al\u00e9m disso, \u00e9 uma maneira de trazer para a sua equipe profissionais com mais experi\u00eancia de vida e, sobretudo, praticar a <strong><a href=\"https:\/\/totalpass.com\/br\/blog\/recursos-humanos\/diversidade-e-inclusao-na-empresa\/\" target=\"_blank\" rel=\"noreferrer noopener\">diversidade e a inclus\u00e3o<\/a><\/strong> para com os demais colaboradores da sua empresa.&nbsp;<\/p>\n\n\n\n<p>A seguir, n\u00f3s selecionamos uma lista com os principais benef\u00edcios de contratar colaboradores da terceira idade. Confira:&nbsp;<\/p>\n\n\n\n<ol class=\"wp-block-list\"><li>Novas experi\u00eancias de mercado;&nbsp;<\/li><li>Perfis mais respons\u00e1veis e \u00e9ticos;<\/li><li>S\u00e3o profissionais mais resilientes;<\/li><li>Valorizam o atendimento ao cliente;<\/li><li>Possuem uma boa rede de contatos;<\/li><li>Gostam de aprender novas habilidades;<\/li><li>N\u00e3o trocam de emprego com tanta frequ\u00eancia;<\/li><li>Contam com mais maturidade na tomada de decis\u00f5es;<\/li><li>Podem desempenhar o papel de mentores dos colaboradores mais jovens.<\/li><\/ol>\n\n\n\n<p>Al\u00e9m destes benef\u00edcios, muitos outros podem ser observados no dia a dia da empresa. Por isso, abra as portas da sua organiza\u00e7\u00e3o e d\u00ea a oportunidade de uma pessoa mais velha se desenvolver com o time e, consequentemente, com a sua empresa.<\/p>\n","protected":false},"excerpt":{"rendered":"<p>Celebrado no dia 1\u00ba de outubro, o Dia Nacional do Idoso \u00e9 uma data que visa parabenizar as pessoas que comp\u00f5em a melhor idade, ou seja, a partir dos 60 anos, e, acima de tudo, conscientizar a popula\u00e7\u00e3o sobre as principais necessidades atreladas ao p\u00fablico, como, por exemplo, o preconceito que muitos sofrem na hora [&hellip;]<\/p>\n","protected":false},"author":10,"featured_media":6453,"comment_status":"open","ping_status":"open","sticky":false,"template":"","format":"standard","meta":{"_acf_changed":false,"footnotes":""},"categories":[16],"tags":[38,1701,474,1277,617,1163,1700],"class_list":["post-6449","post","type-post","status-publish","format-standard","has-post-thumbnail","hentry","category-recursos-humanos","tag-colaboradores","tag-dia-nacional-do-idoso","tag-empresa","tag-idosos","tag-melhor-idade","tag-mercado-de-trabalho","tag-pessoas-mais-velhas"],"acf":[],"yoast_head":"<!-- This site is optimized with the Yoast SEO plugin v27.4 - https:\/\/yoast.com\/product\/yoast-seo-wordpress\/ -->\n<title>Dia Nacional do Idoso: inclus\u00e3o e benef\u00edcios | TotalPass<\/title>\n<meta name=\"description\" content=\"Contratar profissionais da terceira idade promove diversidade e experi\u00eancia. Descubra os benef\u00edcios e como combater o preconceito no trabalho!\" \/>\n<meta name=\"robots\" content=\"index, follow, max-snippet:-1, max-image-preview:large, max-video-preview:-1\" \/>\n<link rel=\"canonical\" href=\"https:\/\/totalpass.com\/br\/blog\/recursos-humanos\/dia-nacional-do-idoso\/\" \/>\n<meta property=\"og:locale\" content=\"pt_BR\" \/>\n<meta property=\"og:type\" content=\"article\" \/>\n<meta property=\"og:title\" content=\"Dia Nacional do Idoso: inclus\u00e3o e benef\u00edcios | TotalPass\" \/>\n<meta property=\"og:description\" content=\"Contratar profissionais da terceira idade promove diversidade e experi\u00eancia. Descubra os benef\u00edcios e como combater o preconceito no trabalho!\" \/>\n<meta property=\"og:url\" content=\"https:\/\/totalpass.com\/br\/blog\/recursos-humanos\/dia-nacional-do-idoso\/\" \/>\n<meta property=\"og:site_name\" content=\"Blog da TotalPass\" \/>\n<meta property=\"article:publisher\" content=\"https:\/\/www.facebook.com\/totalpassbrasil\" \/>\n<meta property=\"article:published_time\" content=\"2023-10-01T10:30:00+00:00\" \/>\n<meta property=\"article:modified_time\" content=\"2025-05-15T21:19:41+00:00\" \/>\n<meta property=\"og:image\" content=\"https:\/\/totalpass.com\/wp-content\/uploads\/2023\/09\/Dia-Nacional-do-Idoso-mulher-trabalhando.jpg\" \/>\n\t<meta property=\"og:image:width\" content=\"614\" \/>\n\t<meta property=\"og:image:height\" content=\"412\" \/>\n\t<meta property=\"og:image:type\" content=\"image\/jpeg\" \/>\n<meta name=\"author\" content=\"Marketing TotalPass\" \/>\n<meta name=\"twitter:card\" content=\"summary_large_image\" \/>\n<meta name=\"twitter:creator\" content=\"@totalpassbr\" \/>\n<meta name=\"twitter:site\" content=\"@totalpassbr\" \/>\n<meta name=\"twitter:label1\" content=\"Escrito por\" \/>\n\t<meta name=\"twitter:data1\" content=\"Marketing TotalPass\" \/>\n\t<meta name=\"twitter:label2\" content=\"Est. tempo de leitura\" \/>\n\t<meta name=\"twitter:data2\" content=\"7 minutos\" \/>\n<script type=\"application\/ld+json\" class=\"yoast-schema-graph\">{\"@context\":\"https:\\\/\\\/schema.org\",\"@graph\":[{\"@type\":\"Article\",\"@id\":\"https:\\\/\\\/totalpass.com\\\/br\\\/blog\\\/recursos-humanos\\\/dia-nacional-do-idoso\\\/#article\",\"isPartOf\":{\"@id\":\"https:\\\/\\\/totalpass.com\\\/br\\\/blog\\\/recursos-humanos\\\/dia-nacional-do-idoso\\\/\"},\"author\":{\"name\":\"Marketing TotalPass\",\"@id\":\"https:\\\/\\\/totalpass.com\\\/br\\\/blog\\\/#\\\/schema\\\/person\\\/aea126fd9eb4651ae6cda2a7a208f6ed\"},\"headline\":\"Dia Nacional do Idoso: combatendo o preconceito na empresa\",\"datePublished\":\"2023-10-01T10:30:00+00:00\",\"dateModified\":\"2025-05-15T21:19:41+00:00\",\"mainEntityOfPage\":{\"@id\":\"https:\\\/\\\/totalpass.com\\\/br\\\/blog\\\/recursos-humanos\\\/dia-nacional-do-idoso\\\/\"},\"wordCount\":1062,\"commentCount\":0,\"publisher\":{\"@id\":\"https:\\\/\\\/totalpass.com\\\/br\\\/blog\\\/#organization\"},\"image\":{\"@id\":\"https:\\\/\\\/totalpass.com\\\/br\\\/blog\\\/recursos-humanos\\\/dia-nacional-do-idoso\\\/#primaryimage\"},\"thumbnailUrl\":\"https:\\\/\\\/totalpass.com\\\/wp-content\\\/uploads\\\/2023\\\/09\\\/Dia-Nacional-do-Idoso-mulher-trabalhando.jpg\",\"keywords\":[\"colaboradores\",\"Dia Nacional do Idoso\",\"Empresa\",\"Idosos\",\"Melhor idade\",\"Mercado de trabalho\",\"Pessoas mais velhas\"],\"articleSection\":[\"Recursos Humanos\"],\"inLanguage\":\"pt-BR\",\"potentialAction\":[{\"@type\":\"CommentAction\",\"name\":\"Comment\",\"target\":[\"https:\\\/\\\/totalpass.com\\\/br\\\/blog\\\/recursos-humanos\\\/dia-nacional-do-idoso\\\/#respond\"]}]},{\"@type\":\"WebPage\",\"@id\":\"https:\\\/\\\/totalpass.com\\\/br\\\/blog\\\/recursos-humanos\\\/dia-nacional-do-idoso\\\/\",\"url\":\"https:\\\/\\\/totalpass.com\\\/br\\\/blog\\\/recursos-humanos\\\/dia-nacional-do-idoso\\\/\",\"name\":\"Dia Nacional do Idoso: inclus\u00e3o e benef\u00edcios | TotalPass\",\"isPartOf\":{\"@id\":\"https:\\\/\\\/totalpass.com\\\/br\\\/blog\\\/#website\"},\"primaryImageOfPage\":{\"@id\":\"https:\\\/\\\/totalpass.com\\\/br\\\/blog\\\/recursos-humanos\\\/dia-nacional-do-idoso\\\/#primaryimage\"},\"image\":{\"@id\":\"https:\\\/\\\/totalpass.com\\\/br\\\/blog\\\/recursos-humanos\\\/dia-nacional-do-idoso\\\/#primaryimage\"},\"thumbnailUrl\":\"https:\\\/\\\/totalpass.com\\\/wp-content\\\/uploads\\\/2023\\\/09\\\/Dia-Nacional-do-Idoso-mulher-trabalhando.jpg\",\"datePublished\":\"2023-10-01T10:30:00+00:00\",\"dateModified\":\"2025-05-15T21:19:41+00:00\",\"description\":\"Contratar profissionais da terceira idade promove diversidade e experi\u00eancia. Descubra os benef\u00edcios e como combater o preconceito no trabalho!\",\"breadcrumb\":{\"@id\":\"https:\\\/\\\/totalpass.com\\\/br\\\/blog\\\/recursos-humanos\\\/dia-nacional-do-idoso\\\/#breadcrumb\"},\"inLanguage\":\"pt-BR\",\"potentialAction\":[{\"@type\":\"ReadAction\",\"target\":[\"https:\\\/\\\/totalpass.com\\\/br\\\/blog\\\/recursos-humanos\\\/dia-nacional-do-idoso\\\/\"]}]},{\"@type\":\"ImageObject\",\"inLanguage\":\"pt-BR\",\"@id\":\"https:\\\/\\\/totalpass.com\\\/br\\\/blog\\\/recursos-humanos\\\/dia-nacional-do-idoso\\\/#primaryimage\",\"url\":\"https:\\\/\\\/totalpass.com\\\/wp-content\\\/uploads\\\/2023\\\/09\\\/Dia-Nacional-do-Idoso-mulher-trabalhando.jpg\",\"contentUrl\":\"https:\\\/\\\/totalpass.com\\\/wp-content\\\/uploads\\\/2023\\\/09\\\/Dia-Nacional-do-Idoso-mulher-trabalhando.jpg\",\"width\":614,\"height\":412,\"caption\":\"Muitos gestores n\u00e3o contratam pessoas mais velhas devido \u00e0 falta de conhecimento tecnol\u00f3gico. Conhe\u00e7a outros motivos!\"},{\"@type\":\"BreadcrumbList\",\"@id\":\"https:\\\/\\\/totalpass.com\\\/br\\\/blog\\\/recursos-humanos\\\/dia-nacional-do-idoso\\\/#breadcrumb\",\"itemListElement\":[{\"@type\":\"ListItem\",\"position\":1,\"name\":\"In\u00edcio\",\"item\":\"https:\\\/\\\/totalpass.com\\\/br\\\/blog\\\/\"},{\"@type\":\"ListItem\",\"position\":2,\"name\":\"Dia Nacional do Idoso: combatendo o preconceito na empresa\"}]},{\"@type\":\"WebSite\",\"@id\":\"https:\\\/\\\/totalpass.com\\\/br\\\/blog\\\/#website\",\"url\":\"https:\\\/\\\/totalpass.com\\\/br\\\/blog\\\/\",\"name\":\"Blog da TotalPass\",\"description\":\"Tudo sobre alimenta\u00e7\u00e3o saud\u00e1vel, dicas de treinos, sa\u00fade, bem-estar, esportes e informa\u00e7\u00f5es sobre recursos humanos. Nosso blog \u00e9 totalmente voc\u00ea!\",\"publisher\":{\"@id\":\"https:\\\/\\\/totalpass.com\\\/br\\\/blog\\\/#organization\"},\"potentialAction\":[{\"@type\":\"SearchAction\",\"target\":{\"@type\":\"EntryPoint\",\"urlTemplate\":\"https:\\\/\\\/totalpass.com\\\/br\\\/blog\\\/?s={search_term_string}\"},\"query-input\":{\"@type\":\"PropertyValueSpecification\",\"valueRequired\":true,\"valueName\":\"search_term_string\"}}],\"inLanguage\":\"pt-BR\"},{\"@type\":\"Organization\",\"@id\":\"https:\\\/\\\/totalpass.com\\\/br\\\/blog\\\/#organization\",\"name\":\"TotalPass\",\"url\":\"https:\\\/\\\/totalpass.com\\\/br\\\/blog\\\/\",\"logo\":{\"@type\":\"ImageObject\",\"inLanguage\":\"pt-BR\",\"@id\":\"https:\\\/\\\/totalpass.com\\\/br\\\/blog\\\/#\\\/schema\\\/logo\\\/image\\\/\",\"url\":\"https:\\\/\\\/totalpass.com\\\/wp-content\\\/uploads\\\/2020\\\/01\\\/Icons-_-Neon_Black.png\",\"contentUrl\":\"https:\\\/\\\/totalpass.com\\\/wp-content\\\/uploads\\\/2020\\\/01\\\/Icons-_-Neon_Black.png\",\"width\":1182,\"height\":1182,\"caption\":\"TotalPass\"},\"image\":{\"@id\":\"https:\\\/\\\/totalpass.com\\\/br\\\/blog\\\/#\\\/schema\\\/logo\\\/image\\\/\"},\"sameAs\":[\"https:\\\/\\\/www.facebook.com\\\/totalpassbrasil\",\"https:\\\/\\\/x.com\\\/totalpassbr\",\"https:\\\/\\\/www.instagram.com\\\/totalpass\",\"https:\\\/\\\/www.linkedin.com\\\/company\\\/totalpassbrasil\",\"https:\\\/\\\/www.youtube.com\\\/c\\\/TotalPassBrasil\"]},{\"@type\":\"Person\",\"@id\":\"https:\\\/\\\/totalpass.com\\\/br\\\/blog\\\/#\\\/schema\\\/person\\\/aea126fd9eb4651ae6cda2a7a208f6ed\",\"name\":\"Marketing TotalPass\",\"image\":{\"@type\":\"ImageObject\",\"inLanguage\":\"pt-BR\",\"@id\":\"https:\\\/\\\/secure.gravatar.com\\\/avatar\\\/c430336d079a1cee361e807f26ace9360f5081fc03817ef10d13eda34190f3a1?s=96&d=mm&r=g\",\"url\":\"https:\\\/\\\/secure.gravatar.com\\\/avatar\\\/c430336d079a1cee361e807f26ace9360f5081fc03817ef10d13eda34190f3a1?s=96&d=mm&r=g\",\"contentUrl\":\"https:\\\/\\\/secure.gravatar.com\\\/avatar\\\/c430336d079a1cee361e807f26ace9360f5081fc03817ef10d13eda34190f3a1?s=96&d=mm&r=g\",\"caption\":\"Marketing TotalPass\"},\"url\":\"https:\\\/\\\/totalpass.com\\\/br\\\/blog\\\/author\\\/marketing\\\/\"}]}<\/script>\n<!-- \/ Yoast SEO plugin. -->","yoast_head_json":{"title":"Dia Nacional do Idoso: inclus\u00e3o e benef\u00edcios | TotalPass","description":"Contratar profissionais da terceira idade promove diversidade e experi\u00eancia. Descubra os benef\u00edcios e como combater o preconceito no trabalho!","robots":{"index":"index","follow":"follow","max-snippet":"max-snippet:-1","max-image-preview":"max-image-preview:large","max-video-preview":"max-video-preview:-1"},"canonical":"https:\/\/totalpass.com\/br\/blog\/recursos-humanos\/dia-nacional-do-idoso\/","og_locale":"pt_BR","og_type":"article","og_title":"Dia Nacional do Idoso: inclus\u00e3o e benef\u00edcios | TotalPass","og_description":"Contratar profissionais da terceira idade promove diversidade e experi\u00eancia. Descubra os benef\u00edcios e como combater o preconceito no trabalho!","og_url":"https:\/\/totalpass.com\/br\/blog\/recursos-humanos\/dia-nacional-do-idoso\/","og_site_name":"Blog da TotalPass","article_publisher":"https:\/\/www.facebook.com\/totalpassbrasil","article_published_time":"2023-10-01T10:30:00+00:00","article_modified_time":"2025-05-15T21:19:41+00:00","og_image":[{"width":614,"height":412,"url":"https:\/\/totalpass.com\/wp-content\/uploads\/2023\/09\/Dia-Nacional-do-Idoso-mulher-trabalhando.jpg","type":"image\/jpeg"}],"author":"Marketing TotalPass","twitter_card":"summary_large_image","twitter_creator":"@totalpassbr","twitter_site":"@totalpassbr","twitter_misc":{"Escrito por":"Marketing TotalPass","Est. tempo de leitura":"7 minutos"},"schema":{"@context":"https:\/\/schema.org","@graph":[{"@type":"Article","@id":"https:\/\/totalpass.com\/br\/blog\/recursos-humanos\/dia-nacional-do-idoso\/#article","isPartOf":{"@id":"https:\/\/totalpass.com\/br\/blog\/recursos-humanos\/dia-nacional-do-idoso\/"},"author":{"name":"Marketing TotalPass","@id":"https:\/\/totalpass.com\/br\/blog\/#\/schema\/person\/aea126fd9eb4651ae6cda2a7a208f6ed"},"headline":"Dia Nacional do Idoso: combatendo o preconceito na empresa","datePublished":"2023-10-01T10:30:00+00:00","dateModified":"2025-05-15T21:19:41+00:00","mainEntityOfPage":{"@id":"https:\/\/totalpass.com\/br\/blog\/recursos-humanos\/dia-nacional-do-idoso\/"},"wordCount":1062,"commentCount":0,"publisher":{"@id":"https:\/\/totalpass.com\/br\/blog\/#organization"},"image":{"@id":"https:\/\/totalpass.com\/br\/blog\/recursos-humanos\/dia-nacional-do-idoso\/#primaryimage"},"thumbnailUrl":"https:\/\/totalpass.com\/wp-content\/uploads\/2023\/09\/Dia-Nacional-do-Idoso-mulher-trabalhando.jpg","keywords":["colaboradores","Dia Nacional do Idoso","Empresa","Idosos","Melhor idade","Mercado de trabalho","Pessoas mais velhas"],"articleSection":["Recursos Humanos"],"inLanguage":"pt-BR","potentialAction":[{"@type":"CommentAction","name":"Comment","target":["https:\/\/totalpass.com\/br\/blog\/recursos-humanos\/dia-nacional-do-idoso\/#respond"]}]},{"@type":"WebPage","@id":"https:\/\/totalpass.com\/br\/blog\/recursos-humanos\/dia-nacional-do-idoso\/","url":"https:\/\/totalpass.com\/br\/blog\/recursos-humanos\/dia-nacional-do-idoso\/","name":"Dia Nacional do Idoso: inclus\u00e3o e benef\u00edcios | TotalPass","isPartOf":{"@id":"https:\/\/totalpass.com\/br\/blog\/#website"},"primaryImageOfPage":{"@id":"https:\/\/totalpass.com\/br\/blog\/recursos-humanos\/dia-nacional-do-idoso\/#primaryimage"},"image":{"@id":"https:\/\/totalpass.com\/br\/blog\/recursos-humanos\/dia-nacional-do-idoso\/#primaryimage"},"thumbnailUrl":"https:\/\/totalpass.com\/wp-content\/uploads\/2023\/09\/Dia-Nacional-do-Idoso-mulher-trabalhando.jpg","datePublished":"2023-10-01T10:30:00+00:00","dateModified":"2025-05-15T21:19:41+00:00","description":"Contratar profissionais da terceira idade promove diversidade e experi\u00eancia. Descubra os benef\u00edcios e como combater o preconceito no trabalho!","breadcrumb":{"@id":"https:\/\/totalpass.com\/br\/blog\/recursos-humanos\/dia-nacional-do-idoso\/#breadcrumb"},"inLanguage":"pt-BR","potentialAction":[{"@type":"ReadAction","target":["https:\/\/totalpass.com\/br\/blog\/recursos-humanos\/dia-nacional-do-idoso\/"]}]},{"@type":"ImageObject","inLanguage":"pt-BR","@id":"https:\/\/totalpass.com\/br\/blog\/recursos-humanos\/dia-nacional-do-idoso\/#primaryimage","url":"https:\/\/totalpass.com\/wp-content\/uploads\/2023\/09\/Dia-Nacional-do-Idoso-mulher-trabalhando.jpg","contentUrl":"https:\/\/totalpass.com\/wp-content\/uploads\/2023\/09\/Dia-Nacional-do-Idoso-mulher-trabalhando.jpg","width":614,"height":412,"caption":"Muitos gestores n\u00e3o contratam pessoas mais velhas devido \u00e0 falta de conhecimento tecnol\u00f3gico. Conhe\u00e7a outros motivos!"},{"@type":"BreadcrumbList","@id":"https:\/\/totalpass.com\/br\/blog\/recursos-humanos\/dia-nacional-do-idoso\/#breadcrumb","itemListElement":[{"@type":"ListItem","position":1,"name":"In\u00edcio","item":"https:\/\/totalpass.com\/br\/blog\/"},{"@type":"ListItem","position":2,"name":"Dia Nacional do Idoso: combatendo o preconceito na empresa"}]},{"@type":"WebSite","@id":"https:\/\/totalpass.com\/br\/blog\/#website","url":"https:\/\/totalpass.com\/br\/blog\/","name":"Blog da TotalPass","description":"Tudo sobre alimenta\u00e7\u00e3o saud\u00e1vel, dicas de treinos, sa\u00fade, bem-estar, esportes e informa\u00e7\u00f5es sobre recursos humanos. Nosso blog \u00e9 totalmente voc\u00ea!","publisher":{"@id":"https:\/\/totalpass.com\/br\/blog\/#organization"},"potentialAction":[{"@type":"SearchAction","target":{"@type":"EntryPoint","urlTemplate":"https:\/\/totalpass.com\/br\/blog\/?s={search_term_string}"},"query-input":{"@type":"PropertyValueSpecification","valueRequired":true,"valueName":"search_term_string"}}],"inLanguage":"pt-BR"},{"@type":"Organization","@id":"https:\/\/totalpass.com\/br\/blog\/#organization","name":"TotalPass","url":"https:\/\/totalpass.com\/br\/blog\/","logo":{"@type":"ImageObject","inLanguage":"pt-BR","@id":"https:\/\/totalpass.com\/br\/blog\/#\/schema\/logo\/image\/","url":"https:\/\/totalpass.com\/wp-content\/uploads\/2020\/01\/Icons-_-Neon_Black.png","contentUrl":"https:\/\/totalpass.com\/wp-content\/uploads\/2020\/01\/Icons-_-Neon_Black.png","width":1182,"height":1182,"caption":"TotalPass"},"image":{"@id":"https:\/\/totalpass.com\/br\/blog\/#\/schema\/logo\/image\/"},"sameAs":["https:\/\/www.facebook.com\/totalpassbrasil","https:\/\/x.com\/totalpassbr","https:\/\/www.instagram.com\/totalpass","https:\/\/www.linkedin.com\/company\/totalpassbrasil","https:\/\/www.youtube.com\/c\/TotalPassBrasil"]},{"@type":"Person","@id":"https:\/\/totalpass.com\/br\/blog\/#\/schema\/person\/aea126fd9eb4651ae6cda2a7a208f6ed","name":"Marketing TotalPass","image":{"@type":"ImageObject","inLanguage":"pt-BR","@id":"https:\/\/secure.gravatar.com\/avatar\/c430336d079a1cee361e807f26ace9360f5081fc03817ef10d13eda34190f3a1?s=96&d=mm&r=g","url":"https:\/\/secure.gravatar.com\/avatar\/c430336d079a1cee361e807f26ace9360f5081fc03817ef10d13eda34190f3a1?s=96&d=mm&r=g","contentUrl":"https:\/\/secure.gravatar.com\/avatar\/c430336d079a1cee361e807f26ace9360f5081fc03817ef10d13eda34190f3a1?s=96&d=mm&r=g","caption":"Marketing TotalPass"},"url":"https:\/\/totalpass.com\/br\/blog\/author\/marketing\/"}]}},"_links":{"self":[{"href":"https:\/\/totalpass.com\/br\/blog\/wp-json\/wp\/v2\/posts\/6449","targetHints":{"allow":["GET"]}}],"collection":[{"href":"https:\/\/totalpass.com\/br\/blog\/wp-json\/wp\/v2\/posts"}],"about":[{"href":"https:\/\/totalpass.com\/br\/blog\/wp-json\/wp\/v2\/types\/post"}],"author":[{"embeddable":true,"href":"https:\/\/totalpass.com\/br\/blog\/wp-json\/wp\/v2\/users\/10"}],"replies":[{"embeddable":true,"href":"https:\/\/totalpass.com\/br\/blog\/wp-json\/wp\/v2\/comments?post=6449"}],"version-history":[{"count":3,"href":"https:\/\/totalpass.com\/br\/blog\/wp-json\/wp\/v2\/posts\/6449\/revisions"}],"predecessor-version":[{"id":11708,"href":"https:\/\/totalpass.com\/br\/blog\/wp-json\/wp\/v2\/posts\/6449\/revisions\/11708"}],"wp:featuredmedia":[{"embeddable":true,"href":"https:\/\/totalpass.com\/br\/blog\/wp-json\/wp\/v2\/media\/6453"}],"wp:attachment":[{"href":"https:\/\/totalpass.com\/br\/blog\/wp-json\/wp\/v2\/media?parent=6449"}],"wp:term":[{"taxonomy":"category","embeddable":true,"href":"https:\/\/totalpass.com\/br\/blog\/wp-json\/wp\/v2\/categories?post=6449"},{"taxonomy":"post_tag","embeddable":true,"href":"https:\/\/totalpass.com\/br\/blog\/wp-json\/wp\/v2\/tags?post=6449"}],"curies":[{"name":"wp","href":"https:\/\/api.w.org\/{rel}","templated":true}]}}