{"id":16516,"date":"2026-03-03T07:30:00","date_gmt":"2026-03-03T10:30:00","guid":{"rendered":"https:\/\/totalpass.com\/br\/blog\/?p=16516"},"modified":"2026-03-02T19:08:25","modified_gmt":"2026-03-02T22:08:25","slug":"marco-roxo-falando-sobre-epilepsia-na-empresa","status":"publish","type":"post","link":"https:\/\/totalpass.com\/br\/blog\/recursos-humanos\/marco-roxo-falando-sobre-epilepsia-na-empresa\/","title":{"rendered":"Mar\u00e7o Roxo: falando sobre epilepsia na empresa"},"content":{"rendered":"\n<p>O preconceito e a discrimina\u00e7\u00e3o t\u00eam o poder de corromper a sociedade. Por isso, campanhas coloridas s\u00e3o abordadas todos os meses e devem ser trabalhadas pelas empresas junto aos colaboradores, como o <strong>Mar\u00e7o Roxo<\/strong>, que tem como tema central a epilepsia.<\/p>\n\n\n\n<p>Vale lembrar que o mundo s\u00f3 \u00e9 melhor quando levamos informa\u00e7\u00e3o \u00e0s pessoas ao nosso redor. E voc\u00ea, enquanto empresa, seja RH ou lideran\u00e7a, tem um papel importante como agente de transforma\u00e7\u00e3o social por meio da comunica\u00e7\u00e3o e da conscientiza\u00e7\u00e3o, levando a inclus\u00e3o e o respeito ao pr\u00f3ximo.<\/p>\n\n\n<div class=\"wp-block-image\">\n<figure class=\"aligncenter size-full\"><img decoding=\"async\" width=\"614\" height=\"412\" data-src=\"https:\/\/totalpass.com\/wp-content\/uploads\/2026\/03\/Marco-1.png\" alt=\"La\u00e7o representando o Mar\u00e7o Roxo \" class=\"wp-image-16517 lazyload\" data-srcset=\"https:\/\/totalpass.com\/wp-content\/uploads\/2026\/03\/Marco-1.png 614w, https:\/\/totalpass.com\/wp-content\/uploads\/2026\/03\/Marco-1-300x201.png 300w, https:\/\/totalpass.com\/wp-content\/uploads\/2026\/03\/Marco-1-150x101.png 150w\" data-sizes=\"(max-width: 614px) 100vw, 614px\" src=\"data:image\/svg+xml;base64,PHN2ZyB3aWR0aD0iMSIgaGVpZ2h0PSIxIiB4bWxucz0iaHR0cDovL3d3dy53My5vcmcvMjAwMC9zdmciPjwvc3ZnPg==\" style=\"--smush-placeholder-width: 614px; --smush-placeholder-aspect-ratio: 614\/412;\" \/><figcaption class=\"wp-element-caption\">Tire todas as suas d\u00favidas sobre a campanha Mar\u00e7o Roxo<\/figcaption><\/figure><\/div>\n\n\n<p>Ainda n\u00e3o trabalha essa campanha internamente entre os colaboradores? A seguir, explicaremos melhor sobre essa iniciativa:<\/p>\n\n\n\n<ul class=\"wp-block-list\">\n<li><strong><a href=\"#O-que-e-a-campanha-Marco-Roxo\">O que \u00e9 a campanha Mar\u00e7o Roxo?<\/a><\/strong><\/li>\n\n\n\n<li><strong><a href=\"#Por-que-abordar-o-Marco-Roxo-na-empresa\">Por que abordar o Mar\u00e7o Roxo na empresa?<\/a><\/strong><\/li>\n<\/ul>\n\n\n\n<p>Vamos l\u00e1?<\/p>\n\n\n\n<h2 class=\"wp-block-heading\" id=\"O-que-e-a-campanha-Marco-Roxo\">O que \u00e9 a campanha Mar\u00e7o Roxo?<\/h2>\n\n\n\n<p>A campanha Mar\u00e7o Roxo, popularmente conhecida como m\u00eas de conscientiza\u00e7\u00e3o sobre a epilepsia, come\u00e7ou a ser divulgada em 2008, no Canad\u00e1, por meio do \u201c<em>Purple Day<\/em>\u201d, que, em portugu\u00eas, significa \u201cDia Roxo\u201d.&nbsp;&nbsp;<\/p>\n\n\n\n<p>A verdade \u00e9 que tudo come\u00e7ou com a canadense Cassidy Megan, que foi diagnosticada com a doen\u00e7a neurol\u00f3gica cr\u00f4nica aos sete anos, em 2006. Por se sentir sozinha e isolada, entendeu a import\u00e2ncia de falar abertamente sobre sua condi\u00e7\u00e3o para as pessoas pr\u00f3ximas e para todos que ainda n\u00e3o conheciam o assunto, visando conscientizar, combater o isolamento e o preconceito.<\/p>\n\n\n\n<p>Dessa forma, em parceria com a Associa\u00e7\u00e3o de Epilepsia da Nova Esc\u00f3cia (EANS), o primeiro <em>Purple Day<\/em> aconteceu em 2008 e, em 2012, tornou-se o dia oficial de seu pa\u00eds. No Brasil, a campanha come\u00e7ou a ser divulgada em 2010 por meio da Associa\u00e7\u00e3o Brasileira de Epilepsia (ABE) e, desde ent\u00e3o, vem sendo trabalhada por diversas entidades de sa\u00fade.<\/p>\n\n\n\n<p>Em nosso calend\u00e1rio de datas comemorativas, al\u00e9m da campanha Mar\u00e7o Roxo, o m\u00eas recebeu o Dia Mundial de Conscientiza\u00e7\u00e3o da Epilepsia, que acontece anualmente no dia 26.<\/p>\n\n\n\n<h3 class=\"wp-block-heading\">Dados sobre a epilepsia no Brasil<\/h3>\n\n\n\n<p>No pa\u00eds, acredita-se que cerca de 2% da popula\u00e7\u00e3o conta com epilepsia, ou seja, entre dois e tr\u00eas milh\u00f5es de pessoas. Contudo, deste n\u00famero, 25% dos pacientes s\u00e3o portadores em est\u00e1gio grave, segundo uma publica\u00e7\u00e3o do <a href=\"https:\/\/www.gov.br\/saude\/pt-br\/assuntos\/noticias\/2023\/fevereiro\/no-brasil-25-dos-pacientes-com-epilepsia-tem-estagio-grave\" target=\"_blank\" rel=\"noreferrer noopener\"><strong>Minist\u00e9rio da Sa\u00fade<\/strong><\/a>.<\/p>\n\n\n\n<h2 class=\"wp-block-heading\" id=\"Por-que-abordar-o-Marco-Roxo-na-empresa\">Por que abordar o Mar\u00e7o Roxo na empresa?<\/h2>\n\n\n\n<p>A conscientiza\u00e7\u00e3o ao pr\u00f3ximo ou responsabilidade social \u00e9 um tema que deve ser abordado pelas empresas que se preocupam e valorizam o <a href=\"https:\/\/totalpass.com\/br\/blog\/recursos-humanos\/bem-estar-no-trabalho-5-dicas\/\" target=\"_blank\" rel=\"noreferrer noopener\"><strong>bem-estar de todos os colaboradores<\/strong><\/a>. Em temas de sa\u00fade, como a epilepsia, isso ajuda a combater a desinforma\u00e7\u00e3o, visto que muitas pessoas j\u00e1 ouviram falar, mas n\u00e3o sabem ao certo o que \u00e9, suas causas e sintomas.\u00a0<\/p>\n\n\n\n<p>Tamb\u00e9m \u00e9 uma maneira de combater o preconceito, j\u00e1 que essa condi\u00e7\u00e3o inclui convuls\u00f5es, perda de consci\u00eancia, confus\u00e3o mental, sonol\u00eancia, cansa\u00e7o recorrente e movimentos repetitivos, afetando a capacidade de fazer as tarefas do dia a dia durante uma crise, o que muitas vezes pode gerar piadas e coment\u00e1rios negativos pelos demais colegas de trabalho devido \u00e0 desinforma\u00e7\u00e3o.<\/p>\n\n\n\n<p>Al\u00e9m disso, \u00e9 uma maneira de mostrar para todos os colaboradores que a empresa, por meio do RH e das lideran\u00e7as, est\u00e1 atenta aos assuntos ligados ao bem-estar do time, assim como est\u00e1 aberta a apoiar aqueles que possuem a condi\u00e7\u00e3o, mostrando-se um espa\u00e7o acolhedor e inclusivo.<br>Olhando um pouco mais para a empresa, abordar pautas sociais \u00e9 uma maneira de fortalecer a cultura organizacional, aumentando a <a href=\"https:\/\/totalpass.com\/br\/blog\/recursos-humanos\/estrategias-de-atracao-e-retencao-de-talentos\/\" target=\"_blank\" rel=\"noreferrer noopener\"><strong>atra\u00e7\u00e3o e reten\u00e7\u00e3o de talentos<\/strong><\/a>, visto que os profissionais desejam estar em ambientes que valorizam o colaborador.<\/p>\n\n\n<div class=\"wp-block-image\">\n<figure class=\"aligncenter size-full\"><img decoding=\"async\" width=\"614\" height=\"412\" data-src=\"https:\/\/totalpass.com\/wp-content\/uploads\/2026\/03\/Marco-2.png\" alt=\"Pessoas conversando sobre o Mar\u00e7o Roxo \" class=\"wp-image-16518 lazyload\" data-srcset=\"https:\/\/totalpass.com\/wp-content\/uploads\/2026\/03\/Marco-2.png 614w, https:\/\/totalpass.com\/wp-content\/uploads\/2026\/03\/Marco-2-300x201.png 300w, https:\/\/totalpass.com\/wp-content\/uploads\/2026\/03\/Marco-2-150x101.png 150w\" data-sizes=\"(max-width: 614px) 100vw, 614px\" src=\"data:image\/svg+xml;base64,PHN2ZyB3aWR0aD0iMSIgaGVpZ2h0PSIxIiB4bWxucz0iaHR0cDovL3d3dy53My5vcmcvMjAwMC9zdmciPjwvc3ZnPg==\" style=\"--smush-placeholder-width: 614px; --smush-placeholder-aspect-ratio: 614\/412;\" \/><figcaption class=\"wp-element-caption\">Prepare rodas de conversa sobre a campanha Mar\u00e7o Roxo<\/figcaption><\/figure><\/div>\n\n\n<p>Quer abordar a campanha Mar\u00e7o Roxo na sua organiza\u00e7\u00e3o? Confira algumas ideias de iniciativas internas:&nbsp;<\/p>\n\n\n\n<ul class=\"wp-block-list\">\n<li>Ofere\u00e7a treinamentos para os cargos de lideran\u00e7a;<\/li>\n\n\n\n<li>Promova palestras e workshops com profissionais de sa\u00fade;<\/li>\n\n\n\n<li>Crie canais internos para colaboradores tirarem suas d\u00favidas<\/li>\n\n\n\n<li>Convide pessoas com a condi\u00e7\u00e3o para contar sua hist\u00f3ria e trazer depoimentos;<\/li>\n\n\n\n<li>Compartilhe materiais informativos sobre a epilepsia, como o que \u00e9 e seus sintomas.<\/li>\n<\/ul>\n\n\n\n<p>Coloque todas essas dicas em pr\u00e1tica para levar mais informa\u00e7\u00f5es e <a href=\"https:\/\/totalpass.com\/br\/blog\/recursos-humanos\/inclusao-social-na-empresa-como-implementar\/\" target=\"_blank\" rel=\"noreferrer noopener\"><strong>inclus\u00e3o<\/strong><\/a> para sua empresa!<\/p>\n\n\n\n<p><\/p>\n","protected":false},"excerpt":{"rendered":"<p>O preconceito e a discrimina\u00e7\u00e3o t\u00eam o poder de corromper a sociedade. Por isso, campanhas coloridas s\u00e3o abordadas todos os meses e devem ser trabalhadas pelas empresas junto aos colaboradores, como o Mar\u00e7o Roxo, que tem como tema central a epilepsia. Vale lembrar que o mundo s\u00f3 \u00e9 melhor quando levamos informa\u00e7\u00e3o \u00e0s pessoas ao [&hellip;]<\/p>\n","protected":false},"author":19,"featured_media":16517,"comment_status":"open","ping_status":"open","sticky":false,"template":"","format":"standard","meta":{"_acf_changed":false,"footnotes":""},"categories":[16],"tags":[3664,38,1702,474,3665,3663,3666],"class_list":["post-16516","post","type-post","status-publish","format-standard","has-post-thumbnail","hentry","category-recursos-humanos","tag-campanha-marco-roxo","tag-colaboradores","tag-conscientizacao","tag-empresa","tag-epilepsia","tag-marco-roxo","tag-purple-day"],"acf":[],"yoast_head":"<!-- This site is optimized with the Yoast SEO plugin v27.4 - https:\/\/yoast.com\/product\/yoast-seo-wordpress\/ -->\n<title>Mar\u00e7o Roxo: falando sobre epilepsia na empresa<\/title>\n<meta name=\"description\" content=\"Quer promover a informa\u00e7\u00e3o e a inclus\u00e3o na sua empresa? Incentive a campanha Mar\u00e7o Roxo entre todos os seus colaboradores. Veja como!\" \/>\n<meta name=\"robots\" content=\"index, follow, max-snippet:-1, max-image-preview:large, max-video-preview:-1\" \/>\n<link rel=\"canonical\" href=\"https:\/\/totalpass.com\/br\/blog\/recursos-humanos\/marco-roxo-falando-sobre-epilepsia-na-empresa\/\" \/>\n<meta property=\"og:locale\" content=\"pt_BR\" \/>\n<meta property=\"og:type\" content=\"article\" \/>\n<meta property=\"og:title\" content=\"Mar\u00e7o Roxo: falando sobre epilepsia na empresa\" \/>\n<meta property=\"og:description\" content=\"Quer promover a informa\u00e7\u00e3o e a inclus\u00e3o na sua empresa? Incentive a campanha Mar\u00e7o Roxo entre todos os seus colaboradores. Veja como!\" \/>\n<meta property=\"og:url\" content=\"https:\/\/totalpass.com\/br\/blog\/recursos-humanos\/marco-roxo-falando-sobre-epilepsia-na-empresa\/\" \/>\n<meta property=\"og:site_name\" content=\"Blog da TotalPass\" \/>\n<meta property=\"article:publisher\" content=\"https:\/\/www.facebook.com\/totalpassbrasil\" \/>\n<meta property=\"article:published_time\" content=\"2026-03-03T10:30:00+00:00\" \/>\n<meta property=\"og:image\" content=\"https:\/\/totalpass.com\/wp-content\/uploads\/2026\/03\/Marco-1.png\" \/>\n\t<meta property=\"og:image:width\" content=\"614\" \/>\n\t<meta property=\"og:image:height\" content=\"412\" \/>\n\t<meta property=\"og:image:type\" content=\"image\/png\" \/>\n<meta name=\"author\" content=\"Luiz Fernando Moura\" \/>\n<meta name=\"twitter:card\" content=\"summary_large_image\" \/>\n<meta name=\"twitter:creator\" content=\"@totalpassbr\" \/>\n<meta name=\"twitter:site\" content=\"@totalpassbr\" \/>\n<meta name=\"twitter:label1\" content=\"Escrito por\" \/>\n\t<meta name=\"twitter:data1\" content=\"Luiz Fernando Moura\" \/>\n\t<meta name=\"twitter:label2\" content=\"Est. tempo de leitura\" \/>\n\t<meta name=\"twitter:data2\" content=\"4 minutos\" \/>\n<script type=\"application\/ld+json\" class=\"yoast-schema-graph\">{\"@context\":\"https:\\\/\\\/schema.org\",\"@graph\":[{\"@type\":\"Article\",\"@id\":\"https:\\\/\\\/totalpass.com\\\/br\\\/blog\\\/recursos-humanos\\\/marco-roxo-falando-sobre-epilepsia-na-empresa\\\/#article\",\"isPartOf\":{\"@id\":\"https:\\\/\\\/totalpass.com\\\/br\\\/blog\\\/recursos-humanos\\\/marco-roxo-falando-sobre-epilepsia-na-empresa\\\/\"},\"author\":{\"name\":\"Luiz Fernando Moura\",\"@id\":\"https:\\\/\\\/totalpass.com\\\/br\\\/blog\\\/#\\\/schema\\\/person\\\/1ffa1d2be57b1f6b04a476919adc60f5\"},\"headline\":\"Mar\u00e7o Roxo: falando sobre epilepsia na empresa\",\"datePublished\":\"2026-03-03T10:30:00+00:00\",\"mainEntityOfPage\":{\"@id\":\"https:\\\/\\\/totalpass.com\\\/br\\\/blog\\\/recursos-humanos\\\/marco-roxo-falando-sobre-epilepsia-na-empresa\\\/\"},\"wordCount\":734,\"commentCount\":0,\"publisher\":{\"@id\":\"https:\\\/\\\/totalpass.com\\\/br\\\/blog\\\/#organization\"},\"image\":{\"@id\":\"https:\\\/\\\/totalpass.com\\\/br\\\/blog\\\/recursos-humanos\\\/marco-roxo-falando-sobre-epilepsia-na-empresa\\\/#primaryimage\"},\"thumbnailUrl\":\"https:\\\/\\\/totalpass.com\\\/wp-content\\\/uploads\\\/2026\\\/03\\\/Marco-1.png\",\"keywords\":[\"Campanha Mar\u00e7o Roxo\",\"colaboradores\",\"conscientiza\u00e7\u00e3o\",\"Empresa\",\"Epilepsia\",\"Mar\u00e7o Roxo\",\"Purple Day\"],\"articleSection\":[\"Recursos Humanos\"],\"inLanguage\":\"pt-BR\",\"potentialAction\":[{\"@type\":\"CommentAction\",\"name\":\"Comment\",\"target\":[\"https:\\\/\\\/totalpass.com\\\/br\\\/blog\\\/recursos-humanos\\\/marco-roxo-falando-sobre-epilepsia-na-empresa\\\/#respond\"]}]},{\"@type\":\"WebPage\",\"@id\":\"https:\\\/\\\/totalpass.com\\\/br\\\/blog\\\/recursos-humanos\\\/marco-roxo-falando-sobre-epilepsia-na-empresa\\\/\",\"url\":\"https:\\\/\\\/totalpass.com\\\/br\\\/blog\\\/recursos-humanos\\\/marco-roxo-falando-sobre-epilepsia-na-empresa\\\/\",\"name\":\"Mar\u00e7o Roxo: falando sobre epilepsia na empresa\",\"isPartOf\":{\"@id\":\"https:\\\/\\\/totalpass.com\\\/br\\\/blog\\\/#website\"},\"primaryImageOfPage\":{\"@id\":\"https:\\\/\\\/totalpass.com\\\/br\\\/blog\\\/recursos-humanos\\\/marco-roxo-falando-sobre-epilepsia-na-empresa\\\/#primaryimage\"},\"image\":{\"@id\":\"https:\\\/\\\/totalpass.com\\\/br\\\/blog\\\/recursos-humanos\\\/marco-roxo-falando-sobre-epilepsia-na-empresa\\\/#primaryimage\"},\"thumbnailUrl\":\"https:\\\/\\\/totalpass.com\\\/wp-content\\\/uploads\\\/2026\\\/03\\\/Marco-1.png\",\"datePublished\":\"2026-03-03T10:30:00+00:00\",\"description\":\"Quer promover a informa\u00e7\u00e3o e a inclus\u00e3o na sua empresa? Incentive a campanha Mar\u00e7o Roxo entre todos os seus colaboradores. Veja como!\",\"breadcrumb\":{\"@id\":\"https:\\\/\\\/totalpass.com\\\/br\\\/blog\\\/recursos-humanos\\\/marco-roxo-falando-sobre-epilepsia-na-empresa\\\/#breadcrumb\"},\"inLanguage\":\"pt-BR\",\"potentialAction\":[{\"@type\":\"ReadAction\",\"target\":[\"https:\\\/\\\/totalpass.com\\\/br\\\/blog\\\/recursos-humanos\\\/marco-roxo-falando-sobre-epilepsia-na-empresa\\\/\"]}]},{\"@type\":\"ImageObject\",\"inLanguage\":\"pt-BR\",\"@id\":\"https:\\\/\\\/totalpass.com\\\/br\\\/blog\\\/recursos-humanos\\\/marco-roxo-falando-sobre-epilepsia-na-empresa\\\/#primaryimage\",\"url\":\"https:\\\/\\\/totalpass.com\\\/wp-content\\\/uploads\\\/2026\\\/03\\\/Marco-1.png\",\"contentUrl\":\"https:\\\/\\\/totalpass.com\\\/wp-content\\\/uploads\\\/2026\\\/03\\\/Marco-1.png\",\"width\":614,\"height\":412},{\"@type\":\"BreadcrumbList\",\"@id\":\"https:\\\/\\\/totalpass.com\\\/br\\\/blog\\\/recursos-humanos\\\/marco-roxo-falando-sobre-epilepsia-na-empresa\\\/#breadcrumb\",\"itemListElement\":[{\"@type\":\"ListItem\",\"position\":1,\"name\":\"In\u00edcio\",\"item\":\"https:\\\/\\\/totalpass.com\\\/br\\\/blog\\\/\"},{\"@type\":\"ListItem\",\"position\":2,\"name\":\"Mar\u00e7o Roxo: falando sobre epilepsia na empresa\"}]},{\"@type\":\"WebSite\",\"@id\":\"https:\\\/\\\/totalpass.com\\\/br\\\/blog\\\/#website\",\"url\":\"https:\\\/\\\/totalpass.com\\\/br\\\/blog\\\/\",\"name\":\"Blog da TotalPass\",\"description\":\"Tudo sobre alimenta\u00e7\u00e3o saud\u00e1vel, dicas de treinos, sa\u00fade, bem-estar, esportes e informa\u00e7\u00f5es sobre recursos humanos. Nosso blog \u00e9 totalmente voc\u00ea!\",\"publisher\":{\"@id\":\"https:\\\/\\\/totalpass.com\\\/br\\\/blog\\\/#organization\"},\"potentialAction\":[{\"@type\":\"SearchAction\",\"target\":{\"@type\":\"EntryPoint\",\"urlTemplate\":\"https:\\\/\\\/totalpass.com\\\/br\\\/blog\\\/?s={search_term_string}\"},\"query-input\":{\"@type\":\"PropertyValueSpecification\",\"valueRequired\":true,\"valueName\":\"search_term_string\"}}],\"inLanguage\":\"pt-BR\"},{\"@type\":\"Organization\",\"@id\":\"https:\\\/\\\/totalpass.com\\\/br\\\/blog\\\/#organization\",\"name\":\"TotalPass\",\"url\":\"https:\\\/\\\/totalpass.com\\\/br\\\/blog\\\/\",\"logo\":{\"@type\":\"ImageObject\",\"inLanguage\":\"pt-BR\",\"@id\":\"https:\\\/\\\/totalpass.com\\\/br\\\/blog\\\/#\\\/schema\\\/logo\\\/image\\\/\",\"url\":\"https:\\\/\\\/totalpass.com\\\/wp-content\\\/uploads\\\/2020\\\/01\\\/Icons-_-Neon_Black.png\",\"contentUrl\":\"https:\\\/\\\/totalpass.com\\\/wp-content\\\/uploads\\\/2020\\\/01\\\/Icons-_-Neon_Black.png\",\"width\":1182,\"height\":1182,\"caption\":\"TotalPass\"},\"image\":{\"@id\":\"https:\\\/\\\/totalpass.com\\\/br\\\/blog\\\/#\\\/schema\\\/logo\\\/image\\\/\"},\"sameAs\":[\"https:\\\/\\\/www.facebook.com\\\/totalpassbrasil\",\"https:\\\/\\\/x.com\\\/totalpassbr\",\"https:\\\/\\\/www.instagram.com\\\/totalpass\",\"https:\\\/\\\/www.linkedin.com\\\/company\\\/totalpassbrasil\",\"https:\\\/\\\/www.youtube.com\\\/c\\\/TotalPassBrasil\"]},{\"@type\":\"Person\",\"@id\":\"https:\\\/\\\/totalpass.com\\\/br\\\/blog\\\/#\\\/schema\\\/person\\\/1ffa1d2be57b1f6b04a476919adc60f5\",\"name\":\"Luiz Fernando Moura\",\"image\":{\"@type\":\"ImageObject\",\"inLanguage\":\"pt-BR\",\"@id\":\"https:\\\/\\\/secure.gravatar.com\\\/avatar\\\/a97b45c680f0a5b31ad311783b6400bcbfbfc1201eafe837b2520b671c7a1b93?s=96&d=mm&r=g\",\"url\":\"https:\\\/\\\/secure.gravatar.com\\\/avatar\\\/a97b45c680f0a5b31ad311783b6400bcbfbfc1201eafe837b2520b671c7a1b93?s=96&d=mm&r=g\",\"contentUrl\":\"https:\\\/\\\/secure.gravatar.com\\\/avatar\\\/a97b45c680f0a5b31ad311783b6400bcbfbfc1201eafe837b2520b671c7a1b93?s=96&d=mm&r=g\",\"caption\":\"Luiz Fernando Moura\"},\"url\":\"https:\\\/\\\/totalpass.com\\\/br\\\/blog\\\/author\\\/luiz-fernando-moura\\\/\"}]}<\/script>\n<!-- \/ Yoast SEO plugin. -->","yoast_head_json":{"title":"Mar\u00e7o Roxo: falando sobre epilepsia na empresa","description":"Quer promover a informa\u00e7\u00e3o e a inclus\u00e3o na sua empresa? Incentive a campanha Mar\u00e7o Roxo entre todos os seus colaboradores. Veja como!","robots":{"index":"index","follow":"follow","max-snippet":"max-snippet:-1","max-image-preview":"max-image-preview:large","max-video-preview":"max-video-preview:-1"},"canonical":"https:\/\/totalpass.com\/br\/blog\/recursos-humanos\/marco-roxo-falando-sobre-epilepsia-na-empresa\/","og_locale":"pt_BR","og_type":"article","og_title":"Mar\u00e7o Roxo: falando sobre epilepsia na empresa","og_description":"Quer promover a informa\u00e7\u00e3o e a inclus\u00e3o na sua empresa? Incentive a campanha Mar\u00e7o Roxo entre todos os seus colaboradores. Veja como!","og_url":"https:\/\/totalpass.com\/br\/blog\/recursos-humanos\/marco-roxo-falando-sobre-epilepsia-na-empresa\/","og_site_name":"Blog da TotalPass","article_publisher":"https:\/\/www.facebook.com\/totalpassbrasil","article_published_time":"2026-03-03T10:30:00+00:00","og_image":[{"width":614,"height":412,"url":"https:\/\/totalpass.com\/wp-content\/uploads\/2026\/03\/Marco-1.png","type":"image\/png"}],"author":"Luiz Fernando Moura","twitter_card":"summary_large_image","twitter_creator":"@totalpassbr","twitter_site":"@totalpassbr","twitter_misc":{"Escrito por":"Luiz Fernando Moura","Est. tempo de leitura":"4 minutos"},"schema":{"@context":"https:\/\/schema.org","@graph":[{"@type":"Article","@id":"https:\/\/totalpass.com\/br\/blog\/recursos-humanos\/marco-roxo-falando-sobre-epilepsia-na-empresa\/#article","isPartOf":{"@id":"https:\/\/totalpass.com\/br\/blog\/recursos-humanos\/marco-roxo-falando-sobre-epilepsia-na-empresa\/"},"author":{"name":"Luiz Fernando Moura","@id":"https:\/\/totalpass.com\/br\/blog\/#\/schema\/person\/1ffa1d2be57b1f6b04a476919adc60f5"},"headline":"Mar\u00e7o Roxo: falando sobre epilepsia na empresa","datePublished":"2026-03-03T10:30:00+00:00","mainEntityOfPage":{"@id":"https:\/\/totalpass.com\/br\/blog\/recursos-humanos\/marco-roxo-falando-sobre-epilepsia-na-empresa\/"},"wordCount":734,"commentCount":0,"publisher":{"@id":"https:\/\/totalpass.com\/br\/blog\/#organization"},"image":{"@id":"https:\/\/totalpass.com\/br\/blog\/recursos-humanos\/marco-roxo-falando-sobre-epilepsia-na-empresa\/#primaryimage"},"thumbnailUrl":"https:\/\/totalpass.com\/wp-content\/uploads\/2026\/03\/Marco-1.png","keywords":["Campanha Mar\u00e7o Roxo","colaboradores","conscientiza\u00e7\u00e3o","Empresa","Epilepsia","Mar\u00e7o Roxo","Purple Day"],"articleSection":["Recursos Humanos"],"inLanguage":"pt-BR","potentialAction":[{"@type":"CommentAction","name":"Comment","target":["https:\/\/totalpass.com\/br\/blog\/recursos-humanos\/marco-roxo-falando-sobre-epilepsia-na-empresa\/#respond"]}]},{"@type":"WebPage","@id":"https:\/\/totalpass.com\/br\/blog\/recursos-humanos\/marco-roxo-falando-sobre-epilepsia-na-empresa\/","url":"https:\/\/totalpass.com\/br\/blog\/recursos-humanos\/marco-roxo-falando-sobre-epilepsia-na-empresa\/","name":"Mar\u00e7o Roxo: falando sobre epilepsia na empresa","isPartOf":{"@id":"https:\/\/totalpass.com\/br\/blog\/#website"},"primaryImageOfPage":{"@id":"https:\/\/totalpass.com\/br\/blog\/recursos-humanos\/marco-roxo-falando-sobre-epilepsia-na-empresa\/#primaryimage"},"image":{"@id":"https:\/\/totalpass.com\/br\/blog\/recursos-humanos\/marco-roxo-falando-sobre-epilepsia-na-empresa\/#primaryimage"},"thumbnailUrl":"https:\/\/totalpass.com\/wp-content\/uploads\/2026\/03\/Marco-1.png","datePublished":"2026-03-03T10:30:00+00:00","description":"Quer promover a informa\u00e7\u00e3o e a inclus\u00e3o na sua empresa? Incentive a campanha Mar\u00e7o Roxo entre todos os seus colaboradores. Veja como!","breadcrumb":{"@id":"https:\/\/totalpass.com\/br\/blog\/recursos-humanos\/marco-roxo-falando-sobre-epilepsia-na-empresa\/#breadcrumb"},"inLanguage":"pt-BR","potentialAction":[{"@type":"ReadAction","target":["https:\/\/totalpass.com\/br\/blog\/recursos-humanos\/marco-roxo-falando-sobre-epilepsia-na-empresa\/"]}]},{"@type":"ImageObject","inLanguage":"pt-BR","@id":"https:\/\/totalpass.com\/br\/blog\/recursos-humanos\/marco-roxo-falando-sobre-epilepsia-na-empresa\/#primaryimage","url":"https:\/\/totalpass.com\/wp-content\/uploads\/2026\/03\/Marco-1.png","contentUrl":"https:\/\/totalpass.com\/wp-content\/uploads\/2026\/03\/Marco-1.png","width":614,"height":412},{"@type":"BreadcrumbList","@id":"https:\/\/totalpass.com\/br\/blog\/recursos-humanos\/marco-roxo-falando-sobre-epilepsia-na-empresa\/#breadcrumb","itemListElement":[{"@type":"ListItem","position":1,"name":"In\u00edcio","item":"https:\/\/totalpass.com\/br\/blog\/"},{"@type":"ListItem","position":2,"name":"Mar\u00e7o Roxo: falando sobre epilepsia na empresa"}]},{"@type":"WebSite","@id":"https:\/\/totalpass.com\/br\/blog\/#website","url":"https:\/\/totalpass.com\/br\/blog\/","name":"Blog da TotalPass","description":"Tudo sobre alimenta\u00e7\u00e3o saud\u00e1vel, dicas de treinos, sa\u00fade, bem-estar, esportes e informa\u00e7\u00f5es sobre recursos humanos. Nosso blog \u00e9 totalmente voc\u00ea!","publisher":{"@id":"https:\/\/totalpass.com\/br\/blog\/#organization"},"potentialAction":[{"@type":"SearchAction","target":{"@type":"EntryPoint","urlTemplate":"https:\/\/totalpass.com\/br\/blog\/?s={search_term_string}"},"query-input":{"@type":"PropertyValueSpecification","valueRequired":true,"valueName":"search_term_string"}}],"inLanguage":"pt-BR"},{"@type":"Organization","@id":"https:\/\/totalpass.com\/br\/blog\/#organization","name":"TotalPass","url":"https:\/\/totalpass.com\/br\/blog\/","logo":{"@type":"ImageObject","inLanguage":"pt-BR","@id":"https:\/\/totalpass.com\/br\/blog\/#\/schema\/logo\/image\/","url":"https:\/\/totalpass.com\/wp-content\/uploads\/2020\/01\/Icons-_-Neon_Black.png","contentUrl":"https:\/\/totalpass.com\/wp-content\/uploads\/2020\/01\/Icons-_-Neon_Black.png","width":1182,"height":1182,"caption":"TotalPass"},"image":{"@id":"https:\/\/totalpass.com\/br\/blog\/#\/schema\/logo\/image\/"},"sameAs":["https:\/\/www.facebook.com\/totalpassbrasil","https:\/\/x.com\/totalpassbr","https:\/\/www.instagram.com\/totalpass","https:\/\/www.linkedin.com\/company\/totalpassbrasil","https:\/\/www.youtube.com\/c\/TotalPassBrasil"]},{"@type":"Person","@id":"https:\/\/totalpass.com\/br\/blog\/#\/schema\/person\/1ffa1d2be57b1f6b04a476919adc60f5","name":"Luiz Fernando Moura","image":{"@type":"ImageObject","inLanguage":"pt-BR","@id":"https:\/\/secure.gravatar.com\/avatar\/a97b45c680f0a5b31ad311783b6400bcbfbfc1201eafe837b2520b671c7a1b93?s=96&d=mm&r=g","url":"https:\/\/secure.gravatar.com\/avatar\/a97b45c680f0a5b31ad311783b6400bcbfbfc1201eafe837b2520b671c7a1b93?s=96&d=mm&r=g","contentUrl":"https:\/\/secure.gravatar.com\/avatar\/a97b45c680f0a5b31ad311783b6400bcbfbfc1201eafe837b2520b671c7a1b93?s=96&d=mm&r=g","caption":"Luiz Fernando Moura"},"url":"https:\/\/totalpass.com\/br\/blog\/author\/luiz-fernando-moura\/"}]}},"_links":{"self":[{"href":"https:\/\/totalpass.com\/br\/blog\/wp-json\/wp\/v2\/posts\/16516","targetHints":{"allow":["GET"]}}],"collection":[{"href":"https:\/\/totalpass.com\/br\/blog\/wp-json\/wp\/v2\/posts"}],"about":[{"href":"https:\/\/totalpass.com\/br\/blog\/wp-json\/wp\/v2\/types\/post"}],"author":[{"embeddable":true,"href":"https:\/\/totalpass.com\/br\/blog\/wp-json\/wp\/v2\/users\/19"}],"replies":[{"embeddable":true,"href":"https:\/\/totalpass.com\/br\/blog\/wp-json\/wp\/v2\/comments?post=16516"}],"version-history":[{"count":1,"href":"https:\/\/totalpass.com\/br\/blog\/wp-json\/wp\/v2\/posts\/16516\/revisions"}],"predecessor-version":[{"id":16519,"href":"https:\/\/totalpass.com\/br\/blog\/wp-json\/wp\/v2\/posts\/16516\/revisions\/16519"}],"wp:featuredmedia":[{"embeddable":true,"href":"https:\/\/totalpass.com\/br\/blog\/wp-json\/wp\/v2\/media\/16517"}],"wp:attachment":[{"href":"https:\/\/totalpass.com\/br\/blog\/wp-json\/wp\/v2\/media?parent=16516"}],"wp:term":[{"taxonomy":"category","embeddable":true,"href":"https:\/\/totalpass.com\/br\/blog\/wp-json\/wp\/v2\/categories?post=16516"},{"taxonomy":"post_tag","embeddable":true,"href":"https:\/\/totalpass.com\/br\/blog\/wp-json\/wp\/v2\/tags?post=16516"}],"curies":[{"name":"wp","href":"https:\/\/api.w.org\/{rel}","templated":true}]}}