{"id":15638,"date":"2025-12-27T07:30:00","date_gmt":"2025-12-27T10:30:00","guid":{"rendered":"https:\/\/totalpass.com\/br\/blog\/?p=15638"},"modified":"2026-01-08T18:12:28","modified_gmt":"2026-01-08T21:12:28","slug":"falta-de-autonomia-na-empresa","status":"publish","type":"post","link":"https:\/\/totalpass.com\/br\/blog\/recursos-humanos\/falta-de-autonomia-na-empresa\/","title":{"rendered":"Falta de autonomia: como estimular a independ\u00eancia da equipe"},"content":{"rendered":"\n<p>Sabia que a <strong>falta de autonomia<\/strong> pode desencadear queda na produtividade? Isso acontece porque, em muitos casos, os colaboradores podem se sentir inseguros e insuficientes entre uma demanda e outra, como se estivessem sendo observados a cada passo, justamente por acreditarem que n\u00e3o est\u00e3o realizando seu trabalho da maneira correta quando o gestor n\u00e3o d\u00e1 liberdade.<\/p>\n\n\n\n<p>Por isso, temos uma pergunta para voc\u00ea, l\u00edder: na sua empresa, os colaboradores t\u00eam liberdade para realizar suas tarefas e tratar de assuntos importantes? Independentemente de qual seja a resposta, explicaremos os seguintes pontos sobre o assunto para te ajudar a melhorar a rela\u00e7\u00e3o entre os profissionais:<\/p>\n\n\n\n<ul class=\"wp-block-list\">\n<li><strong><a href=\"#Quais-sao-as-causas-da-falta-de-autonomia-no-trabalho\">Quais s\u00e3o as causas da falta de autonomia no trabalho?<\/a><\/strong><\/li>\n\n\n\n<li><a href=\"#Como-a-falta-de-autonomia-pode-afetar-o-desempenho-dos-profissionais\"><strong>Como a falta de autonomia pode afetar o desempenho dos profissionais?<\/strong><\/a><\/li>\n\n\n\n<li><strong><a href=\"#Como-o-RH-pode-desenvolver-a-autonomia-dos-colaboradores-no-trabalho\">Como o RH pode desenvolver a autonomia dos colaboradores no trabalho?<\/a><\/strong><\/li>\n<\/ul>\n\n\n\n<p id=\"Como-desenvolver-a-autonomia-dos-colaboradores-no-trabalho\">Se o seu objetivo \u00e9 ter equipes cada vez mais comprometidas e engajadas com a organiza\u00e7\u00e3o, fique com a gente at\u00e9 o final para ter acesso a dicas de ouro.<\/p>\n\n\n\n<h2 class=\"wp-block-heading\" id=\"Quais-sao-as-causas-da-falta-de-autonomia-no-trabalho\">Quais s\u00e3o as causas da falta de autonomia no trabalho?<\/h2>\n\n\n<div class=\"wp-block-image\">\n<figure class=\"aligncenter size-full\"><img decoding=\"async\" width=\"614\" height=\"412\" data-src=\"https:\/\/totalpass.com\/wp-content\/uploads\/2025\/12\/falta-de-autonomia-1.png\" alt=\"Trabalhadores conversando sobre falta de autonomia\" class=\"wp-image-15640 lazyload\" data-srcset=\"https:\/\/totalpass.com\/wp-content\/uploads\/2025\/12\/falta-de-autonomia-1.png 614w, https:\/\/totalpass.com\/wp-content\/uploads\/2025\/12\/falta-de-autonomia-1-300x201.png 300w, https:\/\/totalpass.com\/wp-content\/uploads\/2025\/12\/falta-de-autonomia-1-150x101.png 150w\" data-sizes=\"(max-width: 614px) 100vw, 614px\" src=\"data:image\/svg+xml;base64,PHN2ZyB3aWR0aD0iMSIgaGVpZ2h0PSIxIiB4bWxucz0iaHR0cDovL3d3dy53My5vcmcvMjAwMC9zdmciPjwvc3ZnPg==\" style=\"--smush-placeholder-width: 614px; --smush-placeholder-aspect-ratio: 614\/412;\" \/><figcaption class=\"wp-element-caption\">Os processos de aprova\u00e7\u00e3o s\u00e3o longos? Entenda o impacto disso na autonomia do time<\/figcaption><\/figure><\/div>\n\n\n<p>Antes de explicarmos as principais causas da falta de autonomia no trabalho, \u00e9 preciso explicar o que \u00e9, n\u00e9? Brevemente, \u00e9 quando o gestor e a empresa d\u00e3o pouca liberdade para os seus colaboradores no dia a dia, principalmente no que diz respeito \u00e0s tarefas cotidianas.<\/p>\n\n\n\n<p>Exemplo: Jo\u00e3o ocupa a posi\u00e7\u00e3o de vendedor numa empresa grande e, por isso, lida diariamente com diversos clientes. Entre uma negocia\u00e7\u00e3o e outra, surge um cliente interessado em um produto, mas, para que a venda aconte\u00e7a, \u00e9 necess\u00e1rio passar pela aprova\u00e7\u00e3o do gerente, seja para uma negocia\u00e7\u00e3o mais flex\u00edvel ou desconto, o que leva a atrasos e, em alguns casos, \u00e0 desist\u00eancia da compra.&nbsp;<\/p>\n\n\n\n<p>Agora que voc\u00ea conseguiu visualizar mais ou menos como funciona, explicaremos as principais causas. Lembrando que, em uma empresa, pode existir mais de uma:<\/p>\n\n\n\n<h3 class=\"wp-block-heading\">Gest\u00e3o centralizada<\/h3>\n\n\n\n<p>\u00c9 importante que todas as pessoas tenham acesso aos processos. Contudo, na gest\u00e3o centralizada, antes de qualquer iniciativa sair do papel, \u00e9 preciso que seja aprovada pelo gestor. Al\u00e9m de aprovar, esse modelo de gest\u00e3o costuma controlar cada passo do time, desde as decis\u00f5es at\u00e9 as aprova\u00e7\u00f5es, impedindo que possam caminhar sozinhos.<\/p>\n\n\n\n<h3 class=\"wp-block-heading\">Falta de confian\u00e7a<\/h3>\n\n\n\n<p>Mesmo sendo profissionais formados, com especializa\u00e7\u00f5es e cursos, alguns gestores n\u00e3o confiam nas habilidades de seus colaboradores. Quando isso acontece, as aprova\u00e7\u00f5es tendem a levar mais tempo do que o normal para acontecer.<\/p>\n\n\n\n<h3 class=\"wp-block-heading\">Falta de delega\u00e7\u00e3o<\/h3>\n\n\n\n<p>Mesmo tendo uma equipe capaz de realizar as tarefas, alguns gestores t\u00eam dificuldade para delegar responsabilidades, justamente por acharem que, a longo prazo, aqueles profissionais poder\u00e3o ocupar sua posi\u00e7\u00e3o. Em alguns casos, isso tamb\u00e9m pode ter rela\u00e7\u00e3o com a necessidade de controle, para mostrar que t\u00eam autoridade sobre os projetos.<\/p>\n\n\n\n<h3 class=\"wp-block-heading\">Processos r\u00edgidos e burocr\u00e1ticos<\/h3>\n\n\n\n<p>Pense com a gente: voc\u00ea trabalha numa empresa na qual, a cada tomada de decis\u00e3o, \u00e9 necess\u00e1rio aprovar com diferentes pessoas. Cansativo, n\u00e9? Isso faz com que o time perca a vontade de fazer as coisas por conta pr\u00f3pria, esperando que as etapas do que precisa ser feito cheguem do seu chefe ou de quem abriu a demanda.<\/p>\n\n\n\n<p>Ser\u00e1 que, em alguma etapa ou momento do gerenciamento das equipes, isso j\u00e1 aconteceu ou vem acontecendo na sua empresa? Observe com aten\u00e7\u00e3o a causa, identifique-a e corrija.<\/p>\n\n\n\n<h2 class=\"wp-block-heading\" id=\"Como-a-falta-de-autonomia-pode-afetar-o-desempenho-dos-profissionais\">Como a falta de autonomia pode afetar o desempenho dos profissionais?<\/h2>\n\n\n\n<p>Se o seu objetivo \u00e9 ter equipes cada vez mais comprometidas, engajadas e produtivas, saiba que a falta de autonomia \u00e9 prejudicial aos tr\u00eas pontos citados anteriormente. Afinal, imagine s\u00f3 voc\u00ea trabalhar numa empresa em que os seus gestores n\u00e3o confiam no seu trabalho?<\/p>\n\n\n\n<p>Hoje em dia, mais do que nunca, os profissionais querem se sentir pertencentes. Quando se sentem desvalorizados, n\u00e3o enxergam mais motivos para permanecer naquele ambiente, fazendo com que busquem novas oportunidades de trabalho, aumentando a <a href=\"https:\/\/totalpass.com\/br\/blog\/recursos-humanos\/turnover\/\" target=\"_blank\" rel=\"noreferrer noopener\"><strong>taxa de rotatividade<\/strong><\/a>.<\/p>\n\n\n\n<p>Quando o pedido de demiss\u00e3o n\u00e3o vem, tendem a trabalhar desmotivados, sem vontade e com entregas ruins, justamente por n\u00e3o verem mais sentido no que fazem. Em rela\u00e7\u00e3o \u00e0 taxa de <a href=\"https:\/\/totalpass.com\/br\/blog\/recursos-humanos\/absenteismo-no-trabalho-como-medir-e-combater\/\" target=\"_blank\" rel=\"noreferrer noopener\"><strong>absente\u00edsmo<\/strong><\/a>, os gestores come\u00e7am a observar falta de pontualidade e frequ\u00eancia, ou seja, um profissional que chegava no hor\u00e1rio passa a se atrasar e a sair mais cedo.<\/p>\n\n\n\n<p>Confira outros impactos que podem ser observados quando n\u00e3o h\u00e1 autonomia no ambiente de trabalho:<\/p>\n\n\n\n<ul class=\"wp-block-list\">\n<li>Falta de inova\u00e7\u00e3o;<\/li>\n\n\n\n<li>Queda da criatividade;<\/li>\n\n\n\n<li>Estagna\u00e7\u00e3o profissional;<\/li>\n\n\n\n<li>Sobrecarga da lideran\u00e7a;<\/li>\n\n\n\n<li>Problemas de comunica\u00e7\u00e3o;<\/li>\n\n\n\n<li>Desigualdade no desenvolvimento;<\/li>\n\n\n\n<li>Mais gastos com afastamentos m\u00e9dicos;<\/li>\n\n\n\n<li>Rela\u00e7\u00f5es desgastadas entre l\u00edderes e liderados;<\/li>\n\n\n\n<li>Queda de visibilidade da empresa no mercado de trabalho;<\/li>\n\n\n\n<li>Impactos na sa\u00fade mental (<a href=\"https:\/\/totalpass.com\/br\/blog\/bem-estar\/estresse-no-trabalho-o-que-e-causas-consequencias-e-como-lidar\/\" target=\"_blank\" rel=\"noreferrer noopener\"><strong>estresse<\/strong><\/a>, <a href=\"https:\/\/totalpass.com\/br\/blog\/bem-estar\/ansiedade-noturna\/\" target=\"_blank\" rel=\"noreferrer noopener\"><strong>ansiedade<\/strong><\/a> e <a href=\"https:\/\/totalpass.com\/br\/blog\/bem-estar\/sindrome-de-burnout\/\" target=\"_blank\" rel=\"noreferrer noopener\"><strong>Burnout<\/strong><\/a>);<\/li>\n\n\n\n<li>Entre outros.<\/li>\n<\/ul>\n\n\n\n<h2 class=\"wp-block-heading\" id=\"Como-o-RH-pode-desenvolver-a-autonomia-dos-colaboradores-no-trabalho\">Como o RH pode desenvolver a autonomia dos colaboradores no trabalho?<\/h2>\n\n\n<div class=\"wp-block-image\">\n<figure class=\"aligncenter size-full\"><img decoding=\"async\" width=\"614\" height=\"412\" data-src=\"https:\/\/totalpass.com\/wp-content\/uploads\/2025\/12\/falta-de-autonomia-2.png\" alt=\"Colaboradores conversando sobre falta de autonomia\" class=\"wp-image-15641 lazyload\" data-srcset=\"https:\/\/totalpass.com\/wp-content\/uploads\/2025\/12\/falta-de-autonomia-2.png 614w, https:\/\/totalpass.com\/wp-content\/uploads\/2025\/12\/falta-de-autonomia-2-300x201.png 300w, https:\/\/totalpass.com\/wp-content\/uploads\/2025\/12\/falta-de-autonomia-2-150x101.png 150w\" data-sizes=\"(max-width: 614px) 100vw, 614px\" src=\"data:image\/svg+xml;base64,PHN2ZyB3aWR0aD0iMSIgaGVpZ2h0PSIxIiB4bWxucz0iaHR0cDovL3d3dy53My5vcmcvMjAwMC9zdmciPjwvc3ZnPg==\" style=\"--smush-placeholder-width: 614px; --smush-placeholder-aspect-ratio: 614\/412;\" \/><figcaption class=\"wp-element-caption\">Quer desenvolver a autonomia do time? Confira algumas dicas<\/figcaption><\/figure><\/div>\n\n\n<p>Desenvolver a autonomia dos colaboradores requer confian\u00e7a no trabalho de cada um. Por isso, \u00e9 importante que o RH, juntamente com a lideran\u00e7a, desenvolva algumas estrat\u00e9gias internas.<\/p>\n\n\n\n<p>Mas aten\u00e7\u00e3o: antes de propor qualquer iniciativa, lembre-se de chamar cada pessoa da sua equipe para conversar, para entender como se sentem e quais pontos eles acreditam ser importantes para terem mais liberdade dentro de cada atividade.&nbsp;<\/p>\n\n\n\n<p>Ao fazer isso, ser\u00e1 poss\u00edvel entender as necessidades individuais, mapear os principais desafios e inseguran\u00e7as e, a partir disso, construir uma rela\u00e7\u00e3o de confian\u00e7a, mostrando que se importa com a opini\u00e3o de cada profissional da sua equipe.&nbsp;<\/p>\n\n\n\n<p>Confira um checklist com algumas iniciativas que fazem toda a diferen\u00e7a na rotina de trabalho e, ao mesmo tempo, estimula a independ\u00eancia da equipe:<\/p>\n\n\n\n<ol class=\"wp-block-list\">\n<li>Mais do que incluir uma <a href=\"https:\/\/totalpass.com\/br\/blog\/recursos-humanos\/como-criar-metas\/\"><strong>meta<\/strong><\/a>, certifique-se de que o profissional ter\u00e1 os objetivos claros, liberdade para tomar decis\u00f5es e, sobretudo, prazo determinado;<\/li>\n\n\n\n<li>Se voc\u00ea, enquanto gestor, n\u00e3o tem o h\u00e1bito de dar <a href=\"https:\/\/totalpass.com\/br\/blog\/recursos-humanos\/tipos-de-feedback\/\"><strong>feedback<\/strong><\/a>, comece o quanto antes, de forma construtiva e cont\u00ednua, orientando quais caminhos cada colaborador deve seguir;<\/li>\n\n\n\n<li>Delegar n\u00e3o \u00e9 apenas atribuir tarefas, sabia? \u00c9 importante garantir que cada uma seja adequada \u00e0 expertise da pessoa que a executar\u00e1;<\/li>\n\n\n\n<li>Sente que os colaboradores n\u00e3o est\u00e3o capacitados? Ofere\u00e7a treinamentos, cursos e\/ou orienta\u00e7\u00e3o profissional;<\/li>\n\n\n\n<li>Em vez de controlar cada a\u00e7\u00e3o feita dentro do projeto, permita que o seu time teste e erre, colocando-se \u00e0 disposi\u00e7\u00e3o para dar suporte quando necess\u00e1rio.<\/li>\n<\/ol>\n\n\n\n<p>Ao colocar essas dicas em pr\u00e1tica, ser\u00e1 poss\u00edvel perceber uma melhora na colabora\u00e7\u00e3o e no <a href=\"https:\/\/totalpass.com\/br\/blog\/recursos-humanos\/como-melhorar-o-trabalho-em-equipe-da-sua-empresa\/\" target=\"_blank\" rel=\"noreferrer noopener\"><strong>trabalho em equipe<\/strong><\/a>, pois os colaboradores estar\u00e3o mais envolvidos nos projetos, e sua empresa s\u00f3 ter\u00e1 a ganhar.<\/p>\n","protected":false},"excerpt":{"rendered":"<p>Sabia que a falta de autonomia pode desencadear queda na produtividade? Isso acontece porque, em muitos casos, os colaboradores podem se sentir inseguros e insuficientes entre uma demanda e outra, como se estivessem sendo observados a cada passo, justamente por acreditarem que n\u00e3o est\u00e3o realizando seu trabalho da maneira correta quando o gestor n\u00e3o d\u00e1 [&hellip;]<\/p>\n","protected":false},"author":19,"featured_media":15640,"comment_status":"open","ping_status":"open","sticky":false,"template":"","format":"standard","meta":{"_acf_changed":false,"footnotes":""},"categories":[16],"tags":[38,474,3458,736,1449,494,3459],"class_list":["post-15638","post","type-post","status-publish","format-standard","has-post-thumbnail","hentry","category-recursos-humanos","tag-colaboradores","tag-empresa","tag-falta-de-autonomia","tag-feedback","tag-gestor","tag-rh","tag-tarefa"],"acf":[],"yoast_head":"<!-- This site is optimized with the Yoast SEO plugin v27.4 - https:\/\/yoast.com\/product\/yoast-seo-wordpress\/ -->\n<title>Falta de autonomia: como estimular a independ\u00eancia da equipe<\/title>\n<meta name=\"description\" content=\"A falta de autonomia pode levar ao aumento da taxa de absente\u00edsmo e turnover. Veja como tornar os seus colaboradores mais independentes\" \/>\n<meta name=\"robots\" content=\"index, follow, max-snippet:-1, max-image-preview:large, max-video-preview:-1\" \/>\n<link rel=\"canonical\" href=\"https:\/\/totalpass.com\/br\/blog\/recursos-humanos\/falta-de-autonomia-na-empresa\/\" \/>\n<meta property=\"og:locale\" content=\"pt_BR\" \/>\n<meta property=\"og:type\" content=\"article\" \/>\n<meta property=\"og:title\" content=\"Falta de autonomia: como estimular a independ\u00eancia da equipe\" \/>\n<meta property=\"og:description\" content=\"A falta de autonomia pode levar ao aumento da taxa de absente\u00edsmo e turnover. Veja como tornar os seus colaboradores mais independentes\" \/>\n<meta property=\"og:url\" content=\"https:\/\/totalpass.com\/br\/blog\/recursos-humanos\/falta-de-autonomia-na-empresa\/\" \/>\n<meta property=\"og:site_name\" content=\"Blog da TotalPass\" \/>\n<meta property=\"article:publisher\" content=\"https:\/\/www.facebook.com\/totalpassbrasil\" \/>\n<meta property=\"article:published_time\" content=\"2025-12-27T10:30:00+00:00\" \/>\n<meta property=\"article:modified_time\" content=\"2026-01-08T21:12:28+00:00\" \/>\n<meta property=\"og:image\" content=\"https:\/\/totalpass.com\/wp-content\/uploads\/2025\/12\/falta-de-autonomia-1.png\" \/>\n\t<meta property=\"og:image:width\" content=\"614\" \/>\n\t<meta property=\"og:image:height\" content=\"412\" \/>\n\t<meta property=\"og:image:type\" content=\"image\/png\" \/>\n<meta name=\"author\" content=\"Luiz Fernando Moura\" \/>\n<meta name=\"twitter:card\" content=\"summary_large_image\" \/>\n<meta name=\"twitter:creator\" content=\"@totalpassbr\" \/>\n<meta name=\"twitter:site\" content=\"@totalpassbr\" \/>\n<meta name=\"twitter:label1\" content=\"Escrito por\" \/>\n\t<meta name=\"twitter:data1\" content=\"Luiz Fernando Moura\" \/>\n\t<meta name=\"twitter:label2\" content=\"Est. tempo de leitura\" \/>\n\t<meta name=\"twitter:data2\" content=\"6 minutos\" \/>\n<script type=\"application\/ld+json\" class=\"yoast-schema-graph\">{\"@context\":\"https:\\\/\\\/schema.org\",\"@graph\":[{\"@type\":\"Article\",\"@id\":\"https:\\\/\\\/totalpass.com\\\/br\\\/blog\\\/recursos-humanos\\\/falta-de-autonomia-na-empresa\\\/#article\",\"isPartOf\":{\"@id\":\"https:\\\/\\\/totalpass.com\\\/br\\\/blog\\\/recursos-humanos\\\/falta-de-autonomia-na-empresa\\\/\"},\"author\":{\"name\":\"Luiz Fernando Moura\",\"@id\":\"https:\\\/\\\/totalpass.com\\\/br\\\/blog\\\/#\\\/schema\\\/person\\\/1ffa1d2be57b1f6b04a476919adc60f5\"},\"headline\":\"Falta de autonomia: como estimular a independ\u00eancia da equipe\",\"datePublished\":\"2025-12-27T10:30:00+00:00\",\"dateModified\":\"2026-01-08T21:12:28+00:00\",\"mainEntityOfPage\":{\"@id\":\"https:\\\/\\\/totalpass.com\\\/br\\\/blog\\\/recursos-humanos\\\/falta-de-autonomia-na-empresa\\\/\"},\"wordCount\":1147,\"commentCount\":0,\"publisher\":{\"@id\":\"https:\\\/\\\/totalpass.com\\\/br\\\/blog\\\/#organization\"},\"image\":{\"@id\":\"https:\\\/\\\/totalpass.com\\\/br\\\/blog\\\/recursos-humanos\\\/falta-de-autonomia-na-empresa\\\/#primaryimage\"},\"thumbnailUrl\":\"https:\\\/\\\/totalpass.com\\\/wp-content\\\/uploads\\\/2025\\\/12\\\/falta-de-autonomia-1.png\",\"keywords\":[\"colaboradores\",\"Empresa\",\"Falta de autonomia\",\"Feedback\",\"Gestor\",\"RH\",\"Tarefa\"],\"articleSection\":[\"Recursos Humanos\"],\"inLanguage\":\"pt-BR\",\"potentialAction\":[{\"@type\":\"CommentAction\",\"name\":\"Comment\",\"target\":[\"https:\\\/\\\/totalpass.com\\\/br\\\/blog\\\/recursos-humanos\\\/falta-de-autonomia-na-empresa\\\/#respond\"]}]},{\"@type\":\"WebPage\",\"@id\":\"https:\\\/\\\/totalpass.com\\\/br\\\/blog\\\/recursos-humanos\\\/falta-de-autonomia-na-empresa\\\/\",\"url\":\"https:\\\/\\\/totalpass.com\\\/br\\\/blog\\\/recursos-humanos\\\/falta-de-autonomia-na-empresa\\\/\",\"name\":\"Falta de autonomia: como estimular a independ\u00eancia da equipe\",\"isPartOf\":{\"@id\":\"https:\\\/\\\/totalpass.com\\\/br\\\/blog\\\/#website\"},\"primaryImageOfPage\":{\"@id\":\"https:\\\/\\\/totalpass.com\\\/br\\\/blog\\\/recursos-humanos\\\/falta-de-autonomia-na-empresa\\\/#primaryimage\"},\"image\":{\"@id\":\"https:\\\/\\\/totalpass.com\\\/br\\\/blog\\\/recursos-humanos\\\/falta-de-autonomia-na-empresa\\\/#primaryimage\"},\"thumbnailUrl\":\"https:\\\/\\\/totalpass.com\\\/wp-content\\\/uploads\\\/2025\\\/12\\\/falta-de-autonomia-1.png\",\"datePublished\":\"2025-12-27T10:30:00+00:00\",\"dateModified\":\"2026-01-08T21:12:28+00:00\",\"description\":\"A falta de autonomia pode levar ao aumento da taxa de absente\u00edsmo e turnover. Veja como tornar os seus colaboradores mais independentes\",\"breadcrumb\":{\"@id\":\"https:\\\/\\\/totalpass.com\\\/br\\\/blog\\\/recursos-humanos\\\/falta-de-autonomia-na-empresa\\\/#breadcrumb\"},\"inLanguage\":\"pt-BR\",\"potentialAction\":[{\"@type\":\"ReadAction\",\"target\":[\"https:\\\/\\\/totalpass.com\\\/br\\\/blog\\\/recursos-humanos\\\/falta-de-autonomia-na-empresa\\\/\"]}]},{\"@type\":\"ImageObject\",\"inLanguage\":\"pt-BR\",\"@id\":\"https:\\\/\\\/totalpass.com\\\/br\\\/blog\\\/recursos-humanos\\\/falta-de-autonomia-na-empresa\\\/#primaryimage\",\"url\":\"https:\\\/\\\/totalpass.com\\\/wp-content\\\/uploads\\\/2025\\\/12\\\/falta-de-autonomia-1.png\",\"contentUrl\":\"https:\\\/\\\/totalpass.com\\\/wp-content\\\/uploads\\\/2025\\\/12\\\/falta-de-autonomia-1.png\",\"width\":614,\"height\":412},{\"@type\":\"BreadcrumbList\",\"@id\":\"https:\\\/\\\/totalpass.com\\\/br\\\/blog\\\/recursos-humanos\\\/falta-de-autonomia-na-empresa\\\/#breadcrumb\",\"itemListElement\":[{\"@type\":\"ListItem\",\"position\":1,\"name\":\"In\u00edcio\",\"item\":\"https:\\\/\\\/totalpass.com\\\/br\\\/blog\\\/\"},{\"@type\":\"ListItem\",\"position\":2,\"name\":\"Falta de autonomia: como estimular a independ\u00eancia da equipe\"}]},{\"@type\":\"WebSite\",\"@id\":\"https:\\\/\\\/totalpass.com\\\/br\\\/blog\\\/#website\",\"url\":\"https:\\\/\\\/totalpass.com\\\/br\\\/blog\\\/\",\"name\":\"Blog da TotalPass\",\"description\":\"Tudo sobre alimenta\u00e7\u00e3o saud\u00e1vel, dicas de treinos, sa\u00fade, bem-estar, esportes e informa\u00e7\u00f5es sobre recursos humanos. Nosso blog \u00e9 totalmente voc\u00ea!\",\"publisher\":{\"@id\":\"https:\\\/\\\/totalpass.com\\\/br\\\/blog\\\/#organization\"},\"potentialAction\":[{\"@type\":\"SearchAction\",\"target\":{\"@type\":\"EntryPoint\",\"urlTemplate\":\"https:\\\/\\\/totalpass.com\\\/br\\\/blog\\\/?s={search_term_string}\"},\"query-input\":{\"@type\":\"PropertyValueSpecification\",\"valueRequired\":true,\"valueName\":\"search_term_string\"}}],\"inLanguage\":\"pt-BR\"},{\"@type\":\"Organization\",\"@id\":\"https:\\\/\\\/totalpass.com\\\/br\\\/blog\\\/#organization\",\"name\":\"TotalPass\",\"url\":\"https:\\\/\\\/totalpass.com\\\/br\\\/blog\\\/\",\"logo\":{\"@type\":\"ImageObject\",\"inLanguage\":\"pt-BR\",\"@id\":\"https:\\\/\\\/totalpass.com\\\/br\\\/blog\\\/#\\\/schema\\\/logo\\\/image\\\/\",\"url\":\"https:\\\/\\\/totalpass.com\\\/wp-content\\\/uploads\\\/2020\\\/01\\\/Icons-_-Neon_Black.png\",\"contentUrl\":\"https:\\\/\\\/totalpass.com\\\/wp-content\\\/uploads\\\/2020\\\/01\\\/Icons-_-Neon_Black.png\",\"width\":1182,\"height\":1182,\"caption\":\"TotalPass\"},\"image\":{\"@id\":\"https:\\\/\\\/totalpass.com\\\/br\\\/blog\\\/#\\\/schema\\\/logo\\\/image\\\/\"},\"sameAs\":[\"https:\\\/\\\/www.facebook.com\\\/totalpassbrasil\",\"https:\\\/\\\/x.com\\\/totalpassbr\",\"https:\\\/\\\/www.instagram.com\\\/totalpass\",\"https:\\\/\\\/www.linkedin.com\\\/company\\\/totalpassbrasil\",\"https:\\\/\\\/www.youtube.com\\\/c\\\/TotalPassBrasil\"]},{\"@type\":\"Person\",\"@id\":\"https:\\\/\\\/totalpass.com\\\/br\\\/blog\\\/#\\\/schema\\\/person\\\/1ffa1d2be57b1f6b04a476919adc60f5\",\"name\":\"Luiz Fernando Moura\",\"image\":{\"@type\":\"ImageObject\",\"inLanguage\":\"pt-BR\",\"@id\":\"https:\\\/\\\/secure.gravatar.com\\\/avatar\\\/a97b45c680f0a5b31ad311783b6400bcbfbfc1201eafe837b2520b671c7a1b93?s=96&d=mm&r=g\",\"url\":\"https:\\\/\\\/secure.gravatar.com\\\/avatar\\\/a97b45c680f0a5b31ad311783b6400bcbfbfc1201eafe837b2520b671c7a1b93?s=96&d=mm&r=g\",\"contentUrl\":\"https:\\\/\\\/secure.gravatar.com\\\/avatar\\\/a97b45c680f0a5b31ad311783b6400bcbfbfc1201eafe837b2520b671c7a1b93?s=96&d=mm&r=g\",\"caption\":\"Luiz Fernando Moura\"},\"url\":\"https:\\\/\\\/totalpass.com\\\/br\\\/blog\\\/author\\\/luiz-fernando-moura\\\/\"}]}<\/script>\n<!-- \/ Yoast SEO plugin. -->","yoast_head_json":{"title":"Falta de autonomia: como estimular a independ\u00eancia da equipe","description":"A falta de autonomia pode levar ao aumento da taxa de absente\u00edsmo e turnover. Veja como tornar os seus colaboradores mais independentes","robots":{"index":"index","follow":"follow","max-snippet":"max-snippet:-1","max-image-preview":"max-image-preview:large","max-video-preview":"max-video-preview:-1"},"canonical":"https:\/\/totalpass.com\/br\/blog\/recursos-humanos\/falta-de-autonomia-na-empresa\/","og_locale":"pt_BR","og_type":"article","og_title":"Falta de autonomia: como estimular a independ\u00eancia da equipe","og_description":"A falta de autonomia pode levar ao aumento da taxa de absente\u00edsmo e turnover. Veja como tornar os seus colaboradores mais independentes","og_url":"https:\/\/totalpass.com\/br\/blog\/recursos-humanos\/falta-de-autonomia-na-empresa\/","og_site_name":"Blog da TotalPass","article_publisher":"https:\/\/www.facebook.com\/totalpassbrasil","article_published_time":"2025-12-27T10:30:00+00:00","article_modified_time":"2026-01-08T21:12:28+00:00","og_image":[{"width":614,"height":412,"url":"https:\/\/totalpass.com\/wp-content\/uploads\/2025\/12\/falta-de-autonomia-1.png","type":"image\/png"}],"author":"Luiz Fernando Moura","twitter_card":"summary_large_image","twitter_creator":"@totalpassbr","twitter_site":"@totalpassbr","twitter_misc":{"Escrito por":"Luiz Fernando Moura","Est. tempo de leitura":"6 minutos"},"schema":{"@context":"https:\/\/schema.org","@graph":[{"@type":"Article","@id":"https:\/\/totalpass.com\/br\/blog\/recursos-humanos\/falta-de-autonomia-na-empresa\/#article","isPartOf":{"@id":"https:\/\/totalpass.com\/br\/blog\/recursos-humanos\/falta-de-autonomia-na-empresa\/"},"author":{"name":"Luiz Fernando Moura","@id":"https:\/\/totalpass.com\/br\/blog\/#\/schema\/person\/1ffa1d2be57b1f6b04a476919adc60f5"},"headline":"Falta de autonomia: como estimular a independ\u00eancia da equipe","datePublished":"2025-12-27T10:30:00+00:00","dateModified":"2026-01-08T21:12:28+00:00","mainEntityOfPage":{"@id":"https:\/\/totalpass.com\/br\/blog\/recursos-humanos\/falta-de-autonomia-na-empresa\/"},"wordCount":1147,"commentCount":0,"publisher":{"@id":"https:\/\/totalpass.com\/br\/blog\/#organization"},"image":{"@id":"https:\/\/totalpass.com\/br\/blog\/recursos-humanos\/falta-de-autonomia-na-empresa\/#primaryimage"},"thumbnailUrl":"https:\/\/totalpass.com\/wp-content\/uploads\/2025\/12\/falta-de-autonomia-1.png","keywords":["colaboradores","Empresa","Falta de autonomia","Feedback","Gestor","RH","Tarefa"],"articleSection":["Recursos Humanos"],"inLanguage":"pt-BR","potentialAction":[{"@type":"CommentAction","name":"Comment","target":["https:\/\/totalpass.com\/br\/blog\/recursos-humanos\/falta-de-autonomia-na-empresa\/#respond"]}]},{"@type":"WebPage","@id":"https:\/\/totalpass.com\/br\/blog\/recursos-humanos\/falta-de-autonomia-na-empresa\/","url":"https:\/\/totalpass.com\/br\/blog\/recursos-humanos\/falta-de-autonomia-na-empresa\/","name":"Falta de autonomia: como estimular a independ\u00eancia da equipe","isPartOf":{"@id":"https:\/\/totalpass.com\/br\/blog\/#website"},"primaryImageOfPage":{"@id":"https:\/\/totalpass.com\/br\/blog\/recursos-humanos\/falta-de-autonomia-na-empresa\/#primaryimage"},"image":{"@id":"https:\/\/totalpass.com\/br\/blog\/recursos-humanos\/falta-de-autonomia-na-empresa\/#primaryimage"},"thumbnailUrl":"https:\/\/totalpass.com\/wp-content\/uploads\/2025\/12\/falta-de-autonomia-1.png","datePublished":"2025-12-27T10:30:00+00:00","dateModified":"2026-01-08T21:12:28+00:00","description":"A falta de autonomia pode levar ao aumento da taxa de absente\u00edsmo e turnover. Veja como tornar os seus colaboradores mais independentes","breadcrumb":{"@id":"https:\/\/totalpass.com\/br\/blog\/recursos-humanos\/falta-de-autonomia-na-empresa\/#breadcrumb"},"inLanguage":"pt-BR","potentialAction":[{"@type":"ReadAction","target":["https:\/\/totalpass.com\/br\/blog\/recursos-humanos\/falta-de-autonomia-na-empresa\/"]}]},{"@type":"ImageObject","inLanguage":"pt-BR","@id":"https:\/\/totalpass.com\/br\/blog\/recursos-humanos\/falta-de-autonomia-na-empresa\/#primaryimage","url":"https:\/\/totalpass.com\/wp-content\/uploads\/2025\/12\/falta-de-autonomia-1.png","contentUrl":"https:\/\/totalpass.com\/wp-content\/uploads\/2025\/12\/falta-de-autonomia-1.png","width":614,"height":412},{"@type":"BreadcrumbList","@id":"https:\/\/totalpass.com\/br\/blog\/recursos-humanos\/falta-de-autonomia-na-empresa\/#breadcrumb","itemListElement":[{"@type":"ListItem","position":1,"name":"In\u00edcio","item":"https:\/\/totalpass.com\/br\/blog\/"},{"@type":"ListItem","position":2,"name":"Falta de autonomia: como estimular a independ\u00eancia da equipe"}]},{"@type":"WebSite","@id":"https:\/\/totalpass.com\/br\/blog\/#website","url":"https:\/\/totalpass.com\/br\/blog\/","name":"Blog da TotalPass","description":"Tudo sobre alimenta\u00e7\u00e3o saud\u00e1vel, dicas de treinos, sa\u00fade, bem-estar, esportes e informa\u00e7\u00f5es sobre recursos humanos. Nosso blog \u00e9 totalmente voc\u00ea!","publisher":{"@id":"https:\/\/totalpass.com\/br\/blog\/#organization"},"potentialAction":[{"@type":"SearchAction","target":{"@type":"EntryPoint","urlTemplate":"https:\/\/totalpass.com\/br\/blog\/?s={search_term_string}"},"query-input":{"@type":"PropertyValueSpecification","valueRequired":true,"valueName":"search_term_string"}}],"inLanguage":"pt-BR"},{"@type":"Organization","@id":"https:\/\/totalpass.com\/br\/blog\/#organization","name":"TotalPass","url":"https:\/\/totalpass.com\/br\/blog\/","logo":{"@type":"ImageObject","inLanguage":"pt-BR","@id":"https:\/\/totalpass.com\/br\/blog\/#\/schema\/logo\/image\/","url":"https:\/\/totalpass.com\/wp-content\/uploads\/2020\/01\/Icons-_-Neon_Black.png","contentUrl":"https:\/\/totalpass.com\/wp-content\/uploads\/2020\/01\/Icons-_-Neon_Black.png","width":1182,"height":1182,"caption":"TotalPass"},"image":{"@id":"https:\/\/totalpass.com\/br\/blog\/#\/schema\/logo\/image\/"},"sameAs":["https:\/\/www.facebook.com\/totalpassbrasil","https:\/\/x.com\/totalpassbr","https:\/\/www.instagram.com\/totalpass","https:\/\/www.linkedin.com\/company\/totalpassbrasil","https:\/\/www.youtube.com\/c\/TotalPassBrasil"]},{"@type":"Person","@id":"https:\/\/totalpass.com\/br\/blog\/#\/schema\/person\/1ffa1d2be57b1f6b04a476919adc60f5","name":"Luiz Fernando Moura","image":{"@type":"ImageObject","inLanguage":"pt-BR","@id":"https:\/\/secure.gravatar.com\/avatar\/a97b45c680f0a5b31ad311783b6400bcbfbfc1201eafe837b2520b671c7a1b93?s=96&d=mm&r=g","url":"https:\/\/secure.gravatar.com\/avatar\/a97b45c680f0a5b31ad311783b6400bcbfbfc1201eafe837b2520b671c7a1b93?s=96&d=mm&r=g","contentUrl":"https:\/\/secure.gravatar.com\/avatar\/a97b45c680f0a5b31ad311783b6400bcbfbfc1201eafe837b2520b671c7a1b93?s=96&d=mm&r=g","caption":"Luiz Fernando Moura"},"url":"https:\/\/totalpass.com\/br\/blog\/author\/luiz-fernando-moura\/"}]}},"_links":{"self":[{"href":"https:\/\/totalpass.com\/br\/blog\/wp-json\/wp\/v2\/posts\/15638","targetHints":{"allow":["GET"]}}],"collection":[{"href":"https:\/\/totalpass.com\/br\/blog\/wp-json\/wp\/v2\/posts"}],"about":[{"href":"https:\/\/totalpass.com\/br\/blog\/wp-json\/wp\/v2\/types\/post"}],"author":[{"embeddable":true,"href":"https:\/\/totalpass.com\/br\/blog\/wp-json\/wp\/v2\/users\/19"}],"replies":[{"embeddable":true,"href":"https:\/\/totalpass.com\/br\/blog\/wp-json\/wp\/v2\/comments?post=15638"}],"version-history":[{"count":5,"href":"https:\/\/totalpass.com\/br\/blog\/wp-json\/wp\/v2\/posts\/15638\/revisions"}],"predecessor-version":[{"id":15654,"href":"https:\/\/totalpass.com\/br\/blog\/wp-json\/wp\/v2\/posts\/15638\/revisions\/15654"}],"wp:featuredmedia":[{"embeddable":true,"href":"https:\/\/totalpass.com\/br\/blog\/wp-json\/wp\/v2\/media\/15640"}],"wp:attachment":[{"href":"https:\/\/totalpass.com\/br\/blog\/wp-json\/wp\/v2\/media?parent=15638"}],"wp:term":[{"taxonomy":"category","embeddable":true,"href":"https:\/\/totalpass.com\/br\/blog\/wp-json\/wp\/v2\/categories?post=15638"},{"taxonomy":"post_tag","embeddable":true,"href":"https:\/\/totalpass.com\/br\/blog\/wp-json\/wp\/v2\/tags?post=15638"}],"curies":[{"name":"wp","href":"https:\/\/api.w.org\/{rel}","templated":true}]}}