{"id":11940,"date":"2025-06-05T07:30:00","date_gmt":"2025-06-05T10:30:00","guid":{"rendered":"https:\/\/totalpass.com\/br\/blog\/?p=11940"},"modified":"2025-06-04T10:21:20","modified_gmt":"2025-06-04T13:21:20","slug":"sindrome-da-cabana-suas-causas-e-como-lidar","status":"publish","type":"post","link":"https:\/\/totalpass.com\/br\/blog\/bem-estar\/sindrome-da-cabana-suas-causas-e-como-lidar\/","title":{"rendered":"S\u00edndrome da Cabana: o que \u00e9, suas causas e como lidar"},"content":{"rendered":"\n<p>Algumas pessoas, ap\u00f3s passarem muito tempo isoladas \u2014 assim como aconteceu na pandemia da Covid-19 \u2014, t\u00eam medo de sair de casa, evitando o contato social com outros indiv\u00edduos, sejam amigos ou familiares. Essa condi\u00e7\u00e3o est\u00e1 atrelada \u00e0 <strong>S\u00edndrome da Cabana<\/strong>, um problema psicol\u00f3gico que afeta muita gente ao redor do mundo.<\/p>\n\n\n\n<p>Por isso, se voc\u00ea nunca ouviu falar sobre essa s\u00edndrome, responderemos \u00e0s seguintes d\u00favidas ao longo deste artigo:&nbsp;<\/p>\n\n\n\n<ul class=\"wp-block-list\"><li><strong><a href=\"#O-que-e-Sindrome-da-Cabana\">O que \u00e9 S\u00edndrome da Cabana?<\/a><\/strong><\/li><li><strong><a href=\"#Quais-as-causas-da-Sindrome-da-Cabana\">Quais as causas da S\u00edndrome da Cabana?<\/a><\/strong><\/li><li><strong><a href=\"#Quais-sao-os-sintomas-da-Sindrome-da-Cabana\">Quais s\u00e3o os sintomas da S\u00edndrome da Cabana?<\/a><\/strong><\/li><li><strong><a href=\"#Qual-e-o-tratamento-para-a-Sindrome-da-Cabana\">Qual \u00e9 o tratamento para a S\u00edndrome da Cabana?<\/a><\/strong><\/li><li><strong><a href=\"#11-dicas-para-lidar-com-a-Sindrome-da-Cabana\">11 dicas para lidar com a S\u00edndrome da Cabana<\/a><\/strong><\/li><\/ul>\n\n\n\n<p>Fique com a gente para entender melhor sobre o assunto!<\/p>\n\n\n\n<h2 class=\"wp-block-heading\" id=\"O-que-e-Sindrome-da-Cabana\">O que \u00e9 S\u00edndrome da Cabana?<\/h2>\n\n\n\n<div class=\"wp-block-image\"><figure class=\"aligncenter size-large\"><img decoding=\"async\" width=\"614\" height=\"412\" data-src=\"https:\/\/totalpass.com\/wp-content\/uploads\/2025\/06\/Sindrome-da-Cabana.jpg\" alt=\"homem isolado em casa\" class=\"wp-image-11941 lazyload\" data-srcset=\"https:\/\/totalpass.com\/wp-content\/uploads\/2025\/06\/Sindrome-da-Cabana.jpg 614w, https:\/\/totalpass.com\/wp-content\/uploads\/2025\/06\/Sindrome-da-Cabana-300x201.jpg 300w\" data-sizes=\"(max-width: 614px) 100vw, 614px\" src=\"data:image\/svg+xml;base64,PHN2ZyB3aWR0aD0iMSIgaGVpZ2h0PSIxIiB4bWxucz0iaHR0cDovL3d3dy53My5vcmcvMjAwMC9zdmciPjwvc3ZnPg==\" style=\"--smush-placeholder-width: 614px; --smush-placeholder-aspect-ratio: 614\/412;\" \/><figcaption>Saiba mais sobre essa s\u00edndrome e suas causas<\/figcaption><\/figure><\/div>\n\n\n\n<p>A S\u00edndrome da Cabana, tamb\u00e9m conhecida como S\u00edndrome do Eremita Moderno, pode ser interpretada de diferentes formas. Contudo, o problema central est\u00e1 relacionado ao medo que um indiv\u00edduo tem de sair de casa, dificultando a intera\u00e7\u00e3o com outras pessoas \u00e0 sua volta.&nbsp;<\/p>\n\n\n\n<p>Al\u00e9m disso, diferentemente do que algumas pessoas pensam, ela n\u00e3o \u00e9 um transtorno mental, uma vez que \u00e9 caracterizada como um fen\u00f4meno psicol\u00f3gico. Em outras palavras, \u00e9 um problema que est\u00e1 relacionado aos comportamentos que podem mudar de uma hora para a outra ao longo da vida e que, geralmente, est\u00e3o ligados aos acontecimentos do dia a dia.<\/p>\n\n\n\n<p>O termo \u201ccabana\u201d remete aos trabalhadores americanos que permaneciam por longos per\u00edodos isolados do frio. Com o fim da frente fria, tiveram dificuldades para retornar \u00e0 sociedade. Trazendo um exemplo mais recente para contextualizar, com a chegada da Covid-19, as pessoas do mundo todo precisaram ficar confinadas em suas casas, trazendo \u00e0 tona o medo de voltar \u00e0 realidade ap\u00f3s o fim da pandemia.<\/p>\n\n\n\n<p>Ainda falando sobre o s\u00edmbolo da cabana, ela tamb\u00e9m pode representar um lugar de ref\u00fagio ou abrigo tempor\u00e1rio. Para alguns, ela tamb\u00e9m pode ser vista como um espa\u00e7o que vai garantir a prote\u00e7\u00e3o, ou seja, um lugar que te deixar\u00e1 livre dos perigos do mundo l\u00e1 fora.&nbsp;<\/p>\n\n\n\n<p>Resumindo, esse problema acontece quando, de uma hora para outra, somos colocados numa situa\u00e7\u00e3o inesperada. Quando isso acontece, perdemos o controle e precisamos nos adaptar a uma nova realidade, que, at\u00e9 ent\u00e3o, era desconhecida.&nbsp;<\/p>\n\n\n\n<h2 class=\"wp-block-heading\" id=\"Quais-as-causas-da-Sindrome-da-Cabana\">Quais as causas da S\u00edndrome da Cabana?<\/h2>\n\n\n\n<p>As causas da S\u00edndrome da Cabana podem variar de uma pessoa para a outra, pois est\u00e1 atrelada ao \u00e2mbito social, tanto pessoal quanto profissional, em que cada um est\u00e1 inserido. Por outro lado, \u00e9 poss\u00edvel identificar os motivos mais comuns, come\u00e7ando pelo isolamento social prolongado.&nbsp;<\/p>\n\n\n\n<p>No t\u00f3pico anterior, trouxemos como exemplo a \u00e9poca da pandemia, n\u00e9? Mas, por outro lado, \u00e9 importante comentar que o isolamento social nem sempre est\u00e1 associado a um acontecimento espec\u00edfico. \u00c0s vezes, de uma hora para outra, algumas pessoas tendem a se distanciar das outras e, por passar tanto tempo distante, isso leva a mudan\u00e7as na rotina.&nbsp;<\/p>\n\n\n\n<p>Outro elemento que pode desencadear a s\u00edndrome \u00e9 a <strong><a href=\"https:\/\/totalpass.com\/br\/blog\/bem-estar\/fobia-social\/\" target=\"_blank\" rel=\"noreferrer noopener\">fobia social<\/a><\/strong>, tamb\u00e9m chamada de Transtorno de Ansiedade Social (TAS), que ocorre quando indiv\u00edduos evitam a intera\u00e7\u00e3o social com receio de serem julgados, constrangidos e humilhados em p\u00fablico.<\/p>\n\n\n\n<p>Al\u00e9m disso, embora ela n\u00e3o seja um transtorno mental \u2014 como j\u00e1 explicamos ao longo do conte\u00fado \u2014, \u00e9 importante comentar que, em casos de <strong><a href=\"https:\/\/totalpass.com\/br\/blog\/bem-estar\/5-tecnicas-de-respiracao\/\" target=\"_blank\" rel=\"noreferrer noopener\">ansiedade<\/a><\/strong> e <strong><a href=\"https:\/\/totalpass.com\/br\/blog\/saude\/o-que-e-depressao\/\" target=\"_blank\" rel=\"noreferrer noopener\">depress\u00e3o<\/a><\/strong>, algumas pessoas podem desenvolver o problema, distanciando-se de tudo e de todos.\u00a0<\/p>\n\n\n\n<p>No que diz respeito \u00e0s crises emocionais, como <strong><a href=\"https:\/\/totalpass.com\/br\/blog\/bem-estar\/inseguranca-4-dicas-para-lidar-com-esse-sentimento\/\" target=\"_blank\" rel=\"noreferrer noopener\">inseguran\u00e7a<\/a><\/strong>, medo, cansa\u00e7o e <strong><a href=\"https:\/\/totalpass.com\/br\/blog\/recursos-humanos\/sobrecarga-no-trabalho-10-dicas-para-evitar\/\" target=\"_blank\" rel=\"noreferrer noopener\">sobrecarga<\/a><\/strong>, \u00e9 normal que algumas pessoas deixem de frequentar lugares que participavam para ficar mais tempo em casa. Apesar de ser importante tirar momentos para aproveitar a pr\u00f3pria companhia, reduzir as atividades sociais, com amigos e familiares, pode levar ao isolamento e, consequentemente, \u00e0 S\u00edndrome da Cabana.<\/p>\n\n\n\n<p>O isolamento social tamb\u00e9m pode ter liga\u00e7\u00e3o com traumas vividos, tanto na inf\u00e2ncia quanto na fase adulta. Ambientes profissionais, por exemplo, podem desencadear essa condi\u00e7\u00e3o devido aos diferentes tipos de ass\u00e9dio, como moral, sexual, verbal e psicol\u00f3gico, que causam danos s\u00e9rios \u00e0 sa\u00fade.&nbsp;<\/p>\n\n\n\n<p>Ou seja, al\u00e9m dessas causas, muitas outras podem ser identificadas, visto que cada indiv\u00edduo se isola por um motivo espec\u00edfico. Por isso, o mais importante \u00e9 entender o motivo e, a partir disso, procurar a ajuda de um profissional.<\/p>\n\n\n\n<div class=\"wp-block-image\"><figure class=\"aligncenter size-large\"><img decoding=\"async\" width=\"614\" height=\"412\" data-src=\"https:\/\/totalpass.com\/wp-content\/uploads\/2025\/06\/causas.jpg\" alt=\"mulher com ansiedade\" class=\"wp-image-11942 lazyload\" data-srcset=\"https:\/\/totalpass.com\/wp-content\/uploads\/2025\/06\/causas.jpg 614w, https:\/\/totalpass.com\/wp-content\/uploads\/2025\/06\/causas-300x201.jpg 300w\" data-sizes=\"(max-width: 614px) 100vw, 614px\" src=\"data:image\/svg+xml;base64,PHN2ZyB3aWR0aD0iMSIgaGVpZ2h0PSIxIiB4bWxucz0iaHR0cDovL3d3dy53My5vcmcvMjAwMC9zdmciPjwvc3ZnPg==\" style=\"--smush-placeholder-width: 614px; --smush-placeholder-aspect-ratio: 614\/412;\" \/><figcaption>As causas da S\u00edndrome da Cabana podem variar de uma pessoa para a outra, j\u00e1 que est\u00e1 relacionada ao \u00e2mbito social<\/figcaption><\/figure><\/div>\n\n\n\n<h2 class=\"wp-block-heading\" id=\"Quais-sao-os-sintomas-da-Sindrome-da-Cabana\">Quais s\u00e3o os sintomas da S\u00edndrome da Cabana?<\/h2>\n\n\n\n<p>Assim como as causas, os sintomas da S\u00edndrome da Cabana podem variar de uma pessoa para a outra. Contudo, existem sinais que est\u00e3o presentes com mais frequ\u00eancia. A seguir, selecionamos uma lista com as principais:<\/p>\n\n\n\n<ul class=\"wp-block-list\"><li>Inquieta\u00e7\u00e3o;<\/li><li><strong><a href=\"https:\/\/totalpass.com\/br\/blog\/bem-estar\/falta-de-motivacao-3-dicas-para-se-sentir-mais-motivado\/\" target=\"_blank\" rel=\"noreferrer noopener\">Falta de motiva\u00e7\u00e3o<\/a><\/strong>;<\/li><li>Medo de sair de casa;<\/li><li>Preocupa\u00e7\u00e3o excessiva;<\/li><li>Sentimento de <strong><a href=\"https:\/\/totalpass.com\/br\/blog\/bem-estar\/angustia-3-dicas-para-aliviar-esse-sentimento\/\" target=\"_blank\" rel=\"noreferrer noopener\">ang\u00fastia<\/a><\/strong>;<\/li><li>Desconfian\u00e7a sem motivo;<\/li><li><strong><a href=\"https:\/\/totalpass.com\/br\/blog\/bem-estar\/insonia-como-a-falta-de-sono-pode-afetar-a-saude-mental\/\" target=\"_blank\" rel=\"noreferrer noopener\">Ins\u00f4nia<\/a><\/strong> ou excesso de sono;<\/li><li><strong><a href=\"https:\/\/totalpass.com\/br\/blog\/saude\/falta-de-concentracao\/\" target=\"_blank\" rel=\"noreferrer noopener\">Dificuldade para se concentrar<\/a><\/strong>;<\/li><li>Medo de conversar com outras pessoas;<\/li><li>Entre outros!<\/li><\/ul>\n\n\n\n<p>Um ponto importante: ainda que sejam sintomas associados \u00e0 s\u00edndrome, vale lembrar que alguns deles podem estar ligados a outros problemas mentais e emocionais.&nbsp;<\/p>\n\n\n\n<h2 class=\"wp-block-heading\" id=\"Qual-e-o-tratamento-para-a-Sindrome-da-Cabana\">Qual \u00e9 o tratamento para a S\u00edndrome da Cabana?<\/h2>\n\n\n\n<p>O primeiro passo \u00e9 buscar a ajuda de um profissional de sua confian\u00e7a. Por meio de um psic\u00f3logo, \u00e9 poss\u00edvel identificar as causas e, a partir disso, ajudar a enfrentar os traumas vividos para amenizar os sintomas.<\/p>\n\n\n\n<p>Dependendo da gravidade, o aux\u00edlio de um <strong><a href=\"https:\/\/totalpass.com\/br\/blog\/bem-estar\/psiquiatra-e-psicologo-entenda-a-diferenca\/\" target=\"_blank\" rel=\"noreferrer noopener\">psiquiatra<\/a><\/strong> pode ser essencial, visto que ele poder\u00e1 receitar medicamentos para controlar os sintomas, justamente para que o paciente viva com qualidade em diferentes momentos da vida, seja em casa, no trabalho ou em suas rela\u00e7\u00f5es sociais do dia a dia.\u00a0<\/p>\n\n\n\n<h2 class=\"wp-block-heading\" id=\"11-dicas-para-lidar-com-a-Sindrome-da-Cabana\">11 dicas para lidar com a S\u00edndrome da Cabana<\/h2>\n\n\n\n<p>Lidar com a S\u00edndrome da Cabana pode parecer desafiador, mas, na verdade, \u00e9 poss\u00edvel colocar em pr\u00e1tica algumas estrat\u00e9gias de <strong><a href=\"https:\/\/totalpass.com\/br\/blog\/bem-estar\/autocuidado\/\" target=\"_blank\" rel=\"noreferrer noopener\">autocuidado<\/a><\/strong> para prevenir e viver bem. Pensando nisso, separamos um checklist com algumas dicas para voc\u00ea incluir na sua rotina:<\/p>\n\n\n\n<ol class=\"wp-block-list\"><li>Enfrente os desafios;<\/li><li>Pratique o autocuidado;<\/li><li>Pratique atividade f\u00edsica;<\/li><li>Fa\u00e7a terapia regularmente;<\/li><li>Tenha <strong><a href=\"https:\/\/totalpass.com\/br\/blog\/bem-estar\/fases-do-sono-entenda-quais-sao\/\" target=\"_blank\" rel=\"noreferrer noopener\">boas noites de sono<\/a><\/strong>;<\/li><li>Saia com amigos e familiares;<\/li><li>Respeite os seus pr\u00f3prios limites;<\/li><li>Tenha uma <strong><a href=\"https:\/\/totalpass.com\/br\/blog\/alimentacao\/alimentacao-saudavel-o-que-e\/\" target=\"_blank\" rel=\"noreferrer noopener\">alimenta\u00e7\u00e3o saud\u00e1vel<\/a><\/strong>;<\/li><li>Evite not\u00edcias negativas sobre o mundo;<\/li><li>Inclua t\u00e9cnica de relaxamento na rotina;<\/li><li>Desligue o celular ou qualquer outra tela uma hora <strong><a href=\"https:\/\/totalpass.com\/br\/blog\/bem-estar\/higiene-do-sono\/\" target=\"_blank\" rel=\"noreferrer noopener\">antes de dormir<\/a><\/strong>.<\/li><\/ol>\n\n\n\n<p>Lembre-se: voc\u00ea \u00e9 mais forte do que imagina. Coloque essas dicas em pr\u00e1tica para viver bem em todos os momentos da vida!<\/p>\n","protected":false},"excerpt":{"rendered":"<p>Algumas pessoas, ap\u00f3s passarem muito tempo isoladas \u2014 assim como aconteceu na pandemia da Covid-19 \u2014, t\u00eam medo de sair de casa, evitando o contato social com outros indiv\u00edduos, sejam amigos ou familiares. Essa condi\u00e7\u00e3o est\u00e1 atrelada \u00e0 S\u00edndrome da Cabana, um problema psicol\u00f3gico que afeta muita gente ao redor do mundo. Por isso, se [&hellip;]<\/p>\n","protected":false},"author":19,"featured_media":11941,"comment_status":"open","ping_status":"open","sticky":false,"template":"","format":"standard","meta":{"_acf_changed":false,"footnotes":""},"categories":[114],"tags":[3004,719,1692,3005,3003],"class_list":["post-11940","post","type-post","status-publish","format-standard","has-post-thumbnail","hentry","category-bem-estar","tag-mede","tag-psicologo","tag-sindrome","tag-sindrome-da-cabana","tag-sindrome-do-eremita-moderno"],"acf":[],"yoast_head":"<!-- This site is optimized with the Yoast SEO plugin v27.4 - https:\/\/yoast.com\/product\/yoast-seo-wordpress\/ -->\n<title>S\u00edndrome da Cabana: o que \u00e9, suas causas e como lidar | TotalPass<\/title>\n<meta name=\"description\" content=\"J\u00e1 ouviu falar no termo \u201cS\u00edndrome da Cabana\u201d? Entenda o que \u00e9, as principais causas, os sintomas e como tratar corretamente.\" \/>\n<meta name=\"robots\" content=\"index, follow, max-snippet:-1, max-image-preview:large, max-video-preview:-1\" \/>\n<link rel=\"canonical\" href=\"https:\/\/totalpass.com\/br\/blog\/bem-estar\/sindrome-da-cabana-suas-causas-e-como-lidar\/\" \/>\n<meta property=\"og:locale\" content=\"pt_BR\" \/>\n<meta property=\"og:type\" content=\"article\" \/>\n<meta property=\"og:title\" content=\"S\u00edndrome da Cabana: o que \u00e9, suas causas e como lidar | TotalPass\" \/>\n<meta property=\"og:description\" content=\"J\u00e1 ouviu falar no termo \u201cS\u00edndrome da Cabana\u201d? Entenda o que \u00e9, as principais causas, os sintomas e como tratar corretamente.\" \/>\n<meta property=\"og:url\" content=\"https:\/\/totalpass.com\/br\/blog\/bem-estar\/sindrome-da-cabana-suas-causas-e-como-lidar\/\" \/>\n<meta property=\"og:site_name\" content=\"Blog da TotalPass\" \/>\n<meta property=\"article:publisher\" content=\"https:\/\/www.facebook.com\/totalpassbrasil\" \/>\n<meta property=\"article:published_time\" content=\"2025-06-05T10:30:00+00:00\" \/>\n<meta property=\"og:image\" content=\"https:\/\/totalpass.com\/wp-content\/uploads\/2025\/06\/Sindrome-da-Cabana.jpg\" \/>\n\t<meta property=\"og:image:width\" content=\"614\" \/>\n\t<meta property=\"og:image:height\" content=\"412\" \/>\n\t<meta property=\"og:image:type\" content=\"image\/jpeg\" \/>\n<meta name=\"author\" content=\"Luiz Fernando Moura\" \/>\n<meta name=\"twitter:card\" content=\"summary_large_image\" \/>\n<meta name=\"twitter:creator\" content=\"@totalpassbr\" \/>\n<meta name=\"twitter:site\" content=\"@totalpassbr\" \/>\n<meta name=\"twitter:label1\" content=\"Escrito por\" \/>\n\t<meta name=\"twitter:data1\" content=\"Luiz Fernando Moura\" \/>\n\t<meta name=\"twitter:label2\" content=\"Est. tempo de leitura\" \/>\n\t<meta name=\"twitter:data2\" content=\"7 minutos\" \/>\n<script type=\"application\/ld+json\" class=\"yoast-schema-graph\">{\"@context\":\"https:\\\/\\\/schema.org\",\"@graph\":[{\"@type\":\"Article\",\"@id\":\"https:\\\/\\\/totalpass.com\\\/br\\\/blog\\\/bem-estar\\\/sindrome-da-cabana-suas-causas-e-como-lidar\\\/#article\",\"isPartOf\":{\"@id\":\"https:\\\/\\\/totalpass.com\\\/br\\\/blog\\\/bem-estar\\\/sindrome-da-cabana-suas-causas-e-como-lidar\\\/\"},\"author\":{\"name\":\"Luiz Fernando Moura\",\"@id\":\"https:\\\/\\\/totalpass.com\\\/br\\\/blog\\\/#\\\/schema\\\/person\\\/1ffa1d2be57b1f6b04a476919adc60f5\"},\"headline\":\"S\u00edndrome da Cabana: o que \u00e9, suas causas e como lidar\",\"datePublished\":\"2025-06-05T10:30:00+00:00\",\"mainEntityOfPage\":{\"@id\":\"https:\\\/\\\/totalpass.com\\\/br\\\/blog\\\/bem-estar\\\/sindrome-da-cabana-suas-causas-e-como-lidar\\\/\"},\"wordCount\":1135,\"commentCount\":0,\"publisher\":{\"@id\":\"https:\\\/\\\/totalpass.com\\\/br\\\/blog\\\/#organization\"},\"image\":{\"@id\":\"https:\\\/\\\/totalpass.com\\\/br\\\/blog\\\/bem-estar\\\/sindrome-da-cabana-suas-causas-e-como-lidar\\\/#primaryimage\"},\"thumbnailUrl\":\"https:\\\/\\\/totalpass.com\\\/wp-content\\\/uploads\\\/2025\\\/06\\\/Sindrome-da-Cabana.jpg\",\"keywords\":[\"Mede\",\"Psic\u00f3logo\",\"S\u00edndrome\",\"S\u00edndrome da Cabana\",\"S\u00edndrome do Eremita Moderno\"],\"articleSection\":[\"Bem-estar\"],\"inLanguage\":\"pt-BR\",\"potentialAction\":[{\"@type\":\"CommentAction\",\"name\":\"Comment\",\"target\":[\"https:\\\/\\\/totalpass.com\\\/br\\\/blog\\\/bem-estar\\\/sindrome-da-cabana-suas-causas-e-como-lidar\\\/#respond\"]}]},{\"@type\":\"WebPage\",\"@id\":\"https:\\\/\\\/totalpass.com\\\/br\\\/blog\\\/bem-estar\\\/sindrome-da-cabana-suas-causas-e-como-lidar\\\/\",\"url\":\"https:\\\/\\\/totalpass.com\\\/br\\\/blog\\\/bem-estar\\\/sindrome-da-cabana-suas-causas-e-como-lidar\\\/\",\"name\":\"S\u00edndrome da Cabana: o que \u00e9, suas causas e como lidar | TotalPass\",\"isPartOf\":{\"@id\":\"https:\\\/\\\/totalpass.com\\\/br\\\/blog\\\/#website\"},\"primaryImageOfPage\":{\"@id\":\"https:\\\/\\\/totalpass.com\\\/br\\\/blog\\\/bem-estar\\\/sindrome-da-cabana-suas-causas-e-como-lidar\\\/#primaryimage\"},\"image\":{\"@id\":\"https:\\\/\\\/totalpass.com\\\/br\\\/blog\\\/bem-estar\\\/sindrome-da-cabana-suas-causas-e-como-lidar\\\/#primaryimage\"},\"thumbnailUrl\":\"https:\\\/\\\/totalpass.com\\\/wp-content\\\/uploads\\\/2025\\\/06\\\/Sindrome-da-Cabana.jpg\",\"datePublished\":\"2025-06-05T10:30:00+00:00\",\"description\":\"J\u00e1 ouviu falar no termo \u201cS\u00edndrome da Cabana\u201d? Entenda o que \u00e9, as principais causas, os sintomas e como tratar corretamente.\",\"breadcrumb\":{\"@id\":\"https:\\\/\\\/totalpass.com\\\/br\\\/blog\\\/bem-estar\\\/sindrome-da-cabana-suas-causas-e-como-lidar\\\/#breadcrumb\"},\"inLanguage\":\"pt-BR\",\"potentialAction\":[{\"@type\":\"ReadAction\",\"target\":[\"https:\\\/\\\/totalpass.com\\\/br\\\/blog\\\/bem-estar\\\/sindrome-da-cabana-suas-causas-e-como-lidar\\\/\"]}]},{\"@type\":\"ImageObject\",\"inLanguage\":\"pt-BR\",\"@id\":\"https:\\\/\\\/totalpass.com\\\/br\\\/blog\\\/bem-estar\\\/sindrome-da-cabana-suas-causas-e-como-lidar\\\/#primaryimage\",\"url\":\"https:\\\/\\\/totalpass.com\\\/wp-content\\\/uploads\\\/2025\\\/06\\\/Sindrome-da-Cabana.jpg\",\"contentUrl\":\"https:\\\/\\\/totalpass.com\\\/wp-content\\\/uploads\\\/2025\\\/06\\\/Sindrome-da-Cabana.jpg\",\"width\":614,\"height\":412,\"caption\":\"Saiba mais sobre essa s\u00edndrome e suas causas\"},{\"@type\":\"BreadcrumbList\",\"@id\":\"https:\\\/\\\/totalpass.com\\\/br\\\/blog\\\/bem-estar\\\/sindrome-da-cabana-suas-causas-e-como-lidar\\\/#breadcrumb\",\"itemListElement\":[{\"@type\":\"ListItem\",\"position\":1,\"name\":\"In\u00edcio\",\"item\":\"https:\\\/\\\/totalpass.com\\\/br\\\/blog\\\/\"},{\"@type\":\"ListItem\",\"position\":2,\"name\":\"S\u00edndrome da Cabana: o que \u00e9, suas causas e como lidar\"}]},{\"@type\":\"WebSite\",\"@id\":\"https:\\\/\\\/totalpass.com\\\/br\\\/blog\\\/#website\",\"url\":\"https:\\\/\\\/totalpass.com\\\/br\\\/blog\\\/\",\"name\":\"Blog da TotalPass\",\"description\":\"Tudo sobre alimenta\u00e7\u00e3o saud\u00e1vel, dicas de treinos, sa\u00fade, bem-estar, esportes e informa\u00e7\u00f5es sobre recursos humanos. Nosso blog \u00e9 totalmente voc\u00ea!\",\"publisher\":{\"@id\":\"https:\\\/\\\/totalpass.com\\\/br\\\/blog\\\/#organization\"},\"potentialAction\":[{\"@type\":\"SearchAction\",\"target\":{\"@type\":\"EntryPoint\",\"urlTemplate\":\"https:\\\/\\\/totalpass.com\\\/br\\\/blog\\\/?s={search_term_string}\"},\"query-input\":{\"@type\":\"PropertyValueSpecification\",\"valueRequired\":true,\"valueName\":\"search_term_string\"}}],\"inLanguage\":\"pt-BR\"},{\"@type\":\"Organization\",\"@id\":\"https:\\\/\\\/totalpass.com\\\/br\\\/blog\\\/#organization\",\"name\":\"TotalPass\",\"url\":\"https:\\\/\\\/totalpass.com\\\/br\\\/blog\\\/\",\"logo\":{\"@type\":\"ImageObject\",\"inLanguage\":\"pt-BR\",\"@id\":\"https:\\\/\\\/totalpass.com\\\/br\\\/blog\\\/#\\\/schema\\\/logo\\\/image\\\/\",\"url\":\"https:\\\/\\\/totalpass.com\\\/wp-content\\\/uploads\\\/2020\\\/01\\\/Icons-_-Neon_Black.png\",\"contentUrl\":\"https:\\\/\\\/totalpass.com\\\/wp-content\\\/uploads\\\/2020\\\/01\\\/Icons-_-Neon_Black.png\",\"width\":1182,\"height\":1182,\"caption\":\"TotalPass\"},\"image\":{\"@id\":\"https:\\\/\\\/totalpass.com\\\/br\\\/blog\\\/#\\\/schema\\\/logo\\\/image\\\/\"},\"sameAs\":[\"https:\\\/\\\/www.facebook.com\\\/totalpassbrasil\",\"https:\\\/\\\/x.com\\\/totalpassbr\",\"https:\\\/\\\/www.instagram.com\\\/totalpass\",\"https:\\\/\\\/www.linkedin.com\\\/company\\\/totalpassbrasil\",\"https:\\\/\\\/www.youtube.com\\\/c\\\/TotalPassBrasil\"]},{\"@type\":\"Person\",\"@id\":\"https:\\\/\\\/totalpass.com\\\/br\\\/blog\\\/#\\\/schema\\\/person\\\/1ffa1d2be57b1f6b04a476919adc60f5\",\"name\":\"Luiz Fernando Moura\",\"image\":{\"@type\":\"ImageObject\",\"inLanguage\":\"pt-BR\",\"@id\":\"https:\\\/\\\/secure.gravatar.com\\\/avatar\\\/a97b45c680f0a5b31ad311783b6400bcbfbfc1201eafe837b2520b671c7a1b93?s=96&d=mm&r=g\",\"url\":\"https:\\\/\\\/secure.gravatar.com\\\/avatar\\\/a97b45c680f0a5b31ad311783b6400bcbfbfc1201eafe837b2520b671c7a1b93?s=96&d=mm&r=g\",\"contentUrl\":\"https:\\\/\\\/secure.gravatar.com\\\/avatar\\\/a97b45c680f0a5b31ad311783b6400bcbfbfc1201eafe837b2520b671c7a1b93?s=96&d=mm&r=g\",\"caption\":\"Luiz Fernando Moura\"},\"url\":\"https:\\\/\\\/totalpass.com\\\/br\\\/blog\\\/author\\\/luiz-fernando-moura\\\/\"}]}<\/script>\n<!-- \/ Yoast SEO plugin. -->","yoast_head_json":{"title":"S\u00edndrome da Cabana: o que \u00e9, suas causas e como lidar | TotalPass","description":"J\u00e1 ouviu falar no termo \u201cS\u00edndrome da Cabana\u201d? Entenda o que \u00e9, as principais causas, os sintomas e como tratar corretamente.","robots":{"index":"index","follow":"follow","max-snippet":"max-snippet:-1","max-image-preview":"max-image-preview:large","max-video-preview":"max-video-preview:-1"},"canonical":"https:\/\/totalpass.com\/br\/blog\/bem-estar\/sindrome-da-cabana-suas-causas-e-como-lidar\/","og_locale":"pt_BR","og_type":"article","og_title":"S\u00edndrome da Cabana: o que \u00e9, suas causas e como lidar | TotalPass","og_description":"J\u00e1 ouviu falar no termo \u201cS\u00edndrome da Cabana\u201d? Entenda o que \u00e9, as principais causas, os sintomas e como tratar corretamente.","og_url":"https:\/\/totalpass.com\/br\/blog\/bem-estar\/sindrome-da-cabana-suas-causas-e-como-lidar\/","og_site_name":"Blog da TotalPass","article_publisher":"https:\/\/www.facebook.com\/totalpassbrasil","article_published_time":"2025-06-05T10:30:00+00:00","og_image":[{"width":614,"height":412,"url":"https:\/\/totalpass.com\/wp-content\/uploads\/2025\/06\/Sindrome-da-Cabana.jpg","type":"image\/jpeg"}],"author":"Luiz Fernando Moura","twitter_card":"summary_large_image","twitter_creator":"@totalpassbr","twitter_site":"@totalpassbr","twitter_misc":{"Escrito por":"Luiz Fernando Moura","Est. tempo de leitura":"7 minutos"},"schema":{"@context":"https:\/\/schema.org","@graph":[{"@type":"Article","@id":"https:\/\/totalpass.com\/br\/blog\/bem-estar\/sindrome-da-cabana-suas-causas-e-como-lidar\/#article","isPartOf":{"@id":"https:\/\/totalpass.com\/br\/blog\/bem-estar\/sindrome-da-cabana-suas-causas-e-como-lidar\/"},"author":{"name":"Luiz Fernando Moura","@id":"https:\/\/totalpass.com\/br\/blog\/#\/schema\/person\/1ffa1d2be57b1f6b04a476919adc60f5"},"headline":"S\u00edndrome da Cabana: o que \u00e9, suas causas e como lidar","datePublished":"2025-06-05T10:30:00+00:00","mainEntityOfPage":{"@id":"https:\/\/totalpass.com\/br\/blog\/bem-estar\/sindrome-da-cabana-suas-causas-e-como-lidar\/"},"wordCount":1135,"commentCount":0,"publisher":{"@id":"https:\/\/totalpass.com\/br\/blog\/#organization"},"image":{"@id":"https:\/\/totalpass.com\/br\/blog\/bem-estar\/sindrome-da-cabana-suas-causas-e-como-lidar\/#primaryimage"},"thumbnailUrl":"https:\/\/totalpass.com\/wp-content\/uploads\/2025\/06\/Sindrome-da-Cabana.jpg","keywords":["Mede","Psic\u00f3logo","S\u00edndrome","S\u00edndrome da Cabana","S\u00edndrome do Eremita Moderno"],"articleSection":["Bem-estar"],"inLanguage":"pt-BR","potentialAction":[{"@type":"CommentAction","name":"Comment","target":["https:\/\/totalpass.com\/br\/blog\/bem-estar\/sindrome-da-cabana-suas-causas-e-como-lidar\/#respond"]}]},{"@type":"WebPage","@id":"https:\/\/totalpass.com\/br\/blog\/bem-estar\/sindrome-da-cabana-suas-causas-e-como-lidar\/","url":"https:\/\/totalpass.com\/br\/blog\/bem-estar\/sindrome-da-cabana-suas-causas-e-como-lidar\/","name":"S\u00edndrome da Cabana: o que \u00e9, suas causas e como lidar | TotalPass","isPartOf":{"@id":"https:\/\/totalpass.com\/br\/blog\/#website"},"primaryImageOfPage":{"@id":"https:\/\/totalpass.com\/br\/blog\/bem-estar\/sindrome-da-cabana-suas-causas-e-como-lidar\/#primaryimage"},"image":{"@id":"https:\/\/totalpass.com\/br\/blog\/bem-estar\/sindrome-da-cabana-suas-causas-e-como-lidar\/#primaryimage"},"thumbnailUrl":"https:\/\/totalpass.com\/wp-content\/uploads\/2025\/06\/Sindrome-da-Cabana.jpg","datePublished":"2025-06-05T10:30:00+00:00","description":"J\u00e1 ouviu falar no termo \u201cS\u00edndrome da Cabana\u201d? Entenda o que \u00e9, as principais causas, os sintomas e como tratar corretamente.","breadcrumb":{"@id":"https:\/\/totalpass.com\/br\/blog\/bem-estar\/sindrome-da-cabana-suas-causas-e-como-lidar\/#breadcrumb"},"inLanguage":"pt-BR","potentialAction":[{"@type":"ReadAction","target":["https:\/\/totalpass.com\/br\/blog\/bem-estar\/sindrome-da-cabana-suas-causas-e-como-lidar\/"]}]},{"@type":"ImageObject","inLanguage":"pt-BR","@id":"https:\/\/totalpass.com\/br\/blog\/bem-estar\/sindrome-da-cabana-suas-causas-e-como-lidar\/#primaryimage","url":"https:\/\/totalpass.com\/wp-content\/uploads\/2025\/06\/Sindrome-da-Cabana.jpg","contentUrl":"https:\/\/totalpass.com\/wp-content\/uploads\/2025\/06\/Sindrome-da-Cabana.jpg","width":614,"height":412,"caption":"Saiba mais sobre essa s\u00edndrome e suas causas"},{"@type":"BreadcrumbList","@id":"https:\/\/totalpass.com\/br\/blog\/bem-estar\/sindrome-da-cabana-suas-causas-e-como-lidar\/#breadcrumb","itemListElement":[{"@type":"ListItem","position":1,"name":"In\u00edcio","item":"https:\/\/totalpass.com\/br\/blog\/"},{"@type":"ListItem","position":2,"name":"S\u00edndrome da Cabana: o que \u00e9, suas causas e como lidar"}]},{"@type":"WebSite","@id":"https:\/\/totalpass.com\/br\/blog\/#website","url":"https:\/\/totalpass.com\/br\/blog\/","name":"Blog da TotalPass","description":"Tudo sobre alimenta\u00e7\u00e3o saud\u00e1vel, dicas de treinos, sa\u00fade, bem-estar, esportes e informa\u00e7\u00f5es sobre recursos humanos. Nosso blog \u00e9 totalmente voc\u00ea!","publisher":{"@id":"https:\/\/totalpass.com\/br\/blog\/#organization"},"potentialAction":[{"@type":"SearchAction","target":{"@type":"EntryPoint","urlTemplate":"https:\/\/totalpass.com\/br\/blog\/?s={search_term_string}"},"query-input":{"@type":"PropertyValueSpecification","valueRequired":true,"valueName":"search_term_string"}}],"inLanguage":"pt-BR"},{"@type":"Organization","@id":"https:\/\/totalpass.com\/br\/blog\/#organization","name":"TotalPass","url":"https:\/\/totalpass.com\/br\/blog\/","logo":{"@type":"ImageObject","inLanguage":"pt-BR","@id":"https:\/\/totalpass.com\/br\/blog\/#\/schema\/logo\/image\/","url":"https:\/\/totalpass.com\/wp-content\/uploads\/2020\/01\/Icons-_-Neon_Black.png","contentUrl":"https:\/\/totalpass.com\/wp-content\/uploads\/2020\/01\/Icons-_-Neon_Black.png","width":1182,"height":1182,"caption":"TotalPass"},"image":{"@id":"https:\/\/totalpass.com\/br\/blog\/#\/schema\/logo\/image\/"},"sameAs":["https:\/\/www.facebook.com\/totalpassbrasil","https:\/\/x.com\/totalpassbr","https:\/\/www.instagram.com\/totalpass","https:\/\/www.linkedin.com\/company\/totalpassbrasil","https:\/\/www.youtube.com\/c\/TotalPassBrasil"]},{"@type":"Person","@id":"https:\/\/totalpass.com\/br\/blog\/#\/schema\/person\/1ffa1d2be57b1f6b04a476919adc60f5","name":"Luiz Fernando Moura","image":{"@type":"ImageObject","inLanguage":"pt-BR","@id":"https:\/\/secure.gravatar.com\/avatar\/a97b45c680f0a5b31ad311783b6400bcbfbfc1201eafe837b2520b671c7a1b93?s=96&d=mm&r=g","url":"https:\/\/secure.gravatar.com\/avatar\/a97b45c680f0a5b31ad311783b6400bcbfbfc1201eafe837b2520b671c7a1b93?s=96&d=mm&r=g","contentUrl":"https:\/\/secure.gravatar.com\/avatar\/a97b45c680f0a5b31ad311783b6400bcbfbfc1201eafe837b2520b671c7a1b93?s=96&d=mm&r=g","caption":"Luiz Fernando Moura"},"url":"https:\/\/totalpass.com\/br\/blog\/author\/luiz-fernando-moura\/"}]}},"_links":{"self":[{"href":"https:\/\/totalpass.com\/br\/blog\/wp-json\/wp\/v2\/posts\/11940","targetHints":{"allow":["GET"]}}],"collection":[{"href":"https:\/\/totalpass.com\/br\/blog\/wp-json\/wp\/v2\/posts"}],"about":[{"href":"https:\/\/totalpass.com\/br\/blog\/wp-json\/wp\/v2\/types\/post"}],"author":[{"embeddable":true,"href":"https:\/\/totalpass.com\/br\/blog\/wp-json\/wp\/v2\/users\/19"}],"replies":[{"embeddable":true,"href":"https:\/\/totalpass.com\/br\/blog\/wp-json\/wp\/v2\/comments?post=11940"}],"version-history":[{"count":1,"href":"https:\/\/totalpass.com\/br\/blog\/wp-json\/wp\/v2\/posts\/11940\/revisions"}],"predecessor-version":[{"id":11943,"href":"https:\/\/totalpass.com\/br\/blog\/wp-json\/wp\/v2\/posts\/11940\/revisions\/11943"}],"wp:featuredmedia":[{"embeddable":true,"href":"https:\/\/totalpass.com\/br\/blog\/wp-json\/wp\/v2\/media\/11941"}],"wp:attachment":[{"href":"https:\/\/totalpass.com\/br\/blog\/wp-json\/wp\/v2\/media?parent=11940"}],"wp:term":[{"taxonomy":"category","embeddable":true,"href":"https:\/\/totalpass.com\/br\/blog\/wp-json\/wp\/v2\/categories?post=11940"},{"taxonomy":"post_tag","embeddable":true,"href":"https:\/\/totalpass.com\/br\/blog\/wp-json\/wp\/v2\/tags?post=11940"}],"curies":[{"name":"wp","href":"https:\/\/api.w.org\/{rel}","templated":true}]}}